{"id":6505,"date":"2023-06-09T14:53:41","date_gmt":"2023-06-09T14:53:41","guid":{"rendered":"https:\/\/asselum.com\/asselum-e-apdi-assinam-acordo-de-colaboracao\/"},"modified":"2023-06-09T14:53:41","modified_gmt":"2023-06-09T14:53:41","slug":"asselum-e-apdi-assinam-acordo-de-colaboracao","status":"publish","type":"post","link":"https:\/\/asselum.com\/pt-pt\/asselum-e-apdi-assinam-acordo-de-colaboracao\/","title":{"rendered":"Asselum e APDI assinam acordo de colabora\u00e7\u00e3o"},"content":{"rendered":"<div>\n<p class=\"lead\"><span style=\"font-size: 12pt;\">A Asselum estabeleceu uma parceria com a <a style=\"color: #1e57a8;\" href=\"https:\/\/a-pdi.org\/\">Associa\u00e7\u00e3o Profissional de Designers de Ilumina\u00e7\u00e3o (APDI)<\/a> para oferecer um cat\u00e1logo exclusivo de <a style=\"color: #1e57a8;\" href=\"https:\/\/asselum.com\/pt-pt\/\">equipamentos de medi\u00e7\u00e3o de ilumina\u00e7\u00e3o<\/a> e cor aos membros da associa\u00e7\u00e3o. <\/span><\/p>\n<p>O nosso cat\u00e1logo apresenta equipamentos de medi\u00e7\u00e3o altamente precisos e fi\u00e1veis, capazes de medir todos os tipos de par\u00e2metros de qualidade de ilumina\u00e7\u00e3o e desempenho de cor das fontes de luz.<\/p>\n<div style=\"background-color: rgba(30,87,168,0.2); padding-left: 10px; padding-top: 20px;\">\n<h4 class=\"alert-heading\"><i class=\"fa fa-list\"> <\/i> \u00cdndice<\/h4>\n<hr \/>\n<ul>\n<li><a class=\"scrollto\" href=\"#objetivos\">Objectivos da colabora\u00e7\u00e3o entre a Asselum e a APDI<\/a>\n<ul>\n<li><a class=\"scrollto\" href=\"#catalogo\">Cat\u00e1logo de equipamentos de medi\u00e7\u00e3o da Asselum<\/a><\/li>\n<li><a class=\"scrollto\" href=\"#que\">Em que consiste o acordo de colabora\u00e7\u00e3o?<\/a><\/li>\n<\/ul>\n<\/li>\n<li><a class=\"scrollto\" href=\"#quem-somos\">Sobre a Asselum e a APDI<\/a>\n<ul>\n<li><a class=\"scrollto\" href=\"#laboratorio\">Sobre a Asselum, laborat\u00f3rio de testes fotom\u00e9tricos<\/a><\/li>\n<li><a class=\"scrollto\" href=\"#apdi\">Sobre a APDI, a Associa\u00e7\u00e3o Profissional de Projectistas de Ilumina\u00e7\u00e3o<\/a><\/li>\n<\/ul>\n<\/li>\n<\/ul>\n<\/div>\n<div id=\"objetivos\">\n<h2><span style=\"color: #f27d2e;\"><strong>Objectivos da colabora\u00e7\u00e3o entre a Asselum e a APDI<\/strong><\/span><\/h2>\n<p class=\"lead\"><span style=\"font-size: 12pt;\">O recente acordo de colabora\u00e7\u00e3o que alcan\u00e7\u00e1mos com a APDI ser\u00e1 muito positivo para os profissionais do sector da ilumina\u00e7\u00e3o que fazem parte da mesma, uma vez que dispor\u00e3o de um cat\u00e1logo exclusivo de equipamentos de medi\u00e7\u00e3o aos quais foram aplicados suculentos descontos.<\/span><\/p>\n<div id=\"catalogo\">\n<h3><span style=\"color: #1e57a8;\">Cat\u00e1logo de equipamentos de medi\u00e7\u00e3o da Asselum<\/span><\/h3>\n<p>Os associados da APDI ter\u00e3o tamb\u00e9m acesso a um cat\u00e1logo de equipamentos de medi\u00e7\u00e3o exclusivo para os associados da APDI e beneficiar\u00e3o de um desconto \u00fanico.<\/p>\n<p>Poder\u00e3o ainda usufruir de dois webinars para s\u00f3cios da APDI nos quais ser\u00e1 ministrada forma\u00e7\u00e3o t\u00e9cnica de qualidade em tecnologia de ilumina\u00e7\u00e3o.<\/p>\n<\/div>\n<div id=\"que\">\n<h3><span style=\"color: #1e57a8;\">Em que consiste o acordo de colabora\u00e7\u00e3o?<\/span><\/h3>\n<p>Os equipamentos deste cat\u00e1logo foram cuidadosamente seleccionados. S\u00e3o equipamentos que os projectistas necessitam para medi\u00e7\u00f5es, em fun\u00e7\u00e3o das m\u00e9tricas e grandezas que s\u00e3o utilizadas na realiza\u00e7\u00e3o de um projecto de ilumina\u00e7\u00e3o.<\/p>\n<p>As grandezas mais utilizadas s\u00e3o<\/p>\n<ul>\n<li>Ilumin\u00e2ncia medida em lux<\/li>\n<li>Lumin\u00e2ncia medida em cd\/m^2<\/li>\n<li>A temperatura de cor correlacionada<\/li>\n<li>O \u00edndice de restitui\u00e7\u00e3o de cor (Ra)<\/li>\n<li>Cintila\u00e7\u00e3o e efeito estrobosc\u00f3pico<\/li>\n<li>Encandeamento, por exemplo, UGR ou Gr, etc.<\/li>\n<\/ul>\n<p>Para al\u00e9m disso, outros par\u00e2metros muito interessantes, como Rf e Rg do IES TM30, valores de ilumina\u00e7\u00e3o centrada no ser humano, TLCI, PAR e outros.<\/p>\n<\/div>\n<\/div>\n<div class=\"et_pb_section et_pb_section_1 et_section_regular\" >\n<h3><span style=\"color: #1e57a8;\">Alguns dos equipamentos de ilumina\u00e7\u00e3o que oferecemos s\u00e3o:<\/span><\/h3>\n<div class=\"et_pb_row et_pb_row_1\">\n<div class=\"et_pb_column et_pb_column_1_3 et_pb_column_1  et_pb_css_mix_blend_mode_passthrough\">\n<div class=\"et_pb_module et_pb_text et_pb_text_0  et_pb_text_align_left et_pb_bg_layout_light\">\n<div class=\"et_pb_text_inner\">\n<p>                    <a href=\"https:\/\/asselum.com\/pt-pt\/espectroradiometros-uprtek\/espectroradiometro-mk350s-premium-advanced\/\"><br \/>\n<img decoding=\"async\" class=\"wp-image-18040 aligncenter size-medium\" src=\"https:\/\/asselum.com\/wp-content\/uploads\/MK350S-2-1-1-300x300.jpg\" alt=\"\" width=\"300\" height=\"300\" \/><\/p>\n<p>Espectr\u00f4metro MK350S PREMIUM ADVANCED<\/p>\n<p>(+ informa\u00e7\u00e3o)<\/p>\n<p><\/a><\/div>\n<\/p><\/div>\n<\/p><\/div>\n<div class=\"et_pb_column et_pb_column_1_3 et_pb_column_2  et_pb_css_mix_blend_mode_passthrough\">\n<div class=\"et_pb_module et_pb_text et_pb_text_1  et_pb_text_align_left et_pb_bg_layout_light\">\n<div class=\"et_pb_text_inner\"><a href=\"https:\/\/asselum.com\/instrumentos-laboratorio\/luxometros\/luxometro-portatil-gossen-mavolux-5032-b-usb\/\"><br \/>\n<img decoding=\"async\" loading=\"lazy\" class=\"wp-image-18040 aligncenter size-medium\" src=\"https:\/\/asselum.com\/wp-content\/uploads\/MavoLux_5032-B-li-ok-copia.jpg\" alt=\"\" width=\"300\" height=\"300\" \/><\/p>\n<p>Lux\u00edmetro profissional GOSSEN MAVOLUX 5032 B USB<\/p>\n<p>(+ informa\u00e7\u00e3o)<\/p>\n<p><\/a><\/div>\n<\/p><\/div>\n<\/p><\/div>\n<div class=\"et_pb_column et_pb_column_1_3 et_pb_column_3  et_pb_css_mix_blend_mode_passthrough et-last-child\">\n<div class=\"et_pb_module et_pb_text et_pb_text_2  et_pb_text_align_left et_pb_bg_layout_light\">\n<div class=\"et_pb_text_inner\"><a href=\"https:\/\/asselum.com\/instrumentos-laboratorio\/luminancimetros-2\/cx-2b-medidor-luminancia\/\"><br \/>\n<img decoding=\"async\" loading=\"lazy\" class=\"wp-image-18040 aligncenter size-medium\" src=\"https:\/\/asselum.com\/wp-content\/uploads\/cx-2b-luminancimetro-medidor-luminancia-02.jpg\" alt=\"\" width=\"300\" height=\"300\" \/><\/p>\n<p>Medidor de lumin\u00e2ncia CX-2B<\/p>\n<p>(+ informa\u00e7\u00e3o)<\/p>\n<p><\/a><\/div>\n<\/p><\/div>\n<\/p><\/div>\n<\/p><\/div>\n<\/p><\/div>\n<div id=\"quem-somos\">\n<h2><span style=\"color: #f27d2e;\"><strong>Sobre a Asselum e a APDI<\/strong><\/span><\/h2>\n<p class=\"lead\"><span style=\"font-size: 12pt;\">Combinamos as nossas fun\u00e7\u00f5es de laborat\u00f3rio de ensaios e calibra\u00e7\u00e3o, para al\u00e9m de fornecedor de equipamentos de medi\u00e7\u00e3o, com o trabalho da APDI, consolidando o papel do designer de ilumina\u00e7\u00e3o, ao fornecer-lhe o equipamento necess\u00e1rio para efectuar as medi\u00e7\u00f5es de precis\u00e3o necess\u00e1rias aos seus projectos.<\/span><\/p>\n<div id=\"laboratorio\">\n<h3><span style=\"color: #1e57a8;\">Sobre a Asselum, laborat\u00f3rio de ensaios fotom\u00e9tricos<\/span><\/h3>\n<p>O nosso laborat\u00f3rio de ensaios fotom\u00e9tricos, fundado em 2002, caracteriza-se pelo seu cat\u00e1logo de servi\u00e7os destinados a empresas e profissionais do sector da ilumina\u00e7\u00e3o. Inclui tamb\u00e9m ensaios fotom\u00e9tricos e de cor para todos os tipos de l\u00e2mpadas e lumin\u00e1rias, bem como ensaios de seguran\u00e7a fotobiol\u00f3gica e ensaios de manuten\u00e7\u00e3o do fluxo luminoso ou de vida \u00fatil.<\/p>\n<p>Oferecemos ainda servi\u00e7os de forma\u00e7\u00e3o personalizada em tecnologia da ilumina\u00e7\u00e3o e a distribui\u00e7\u00e3o de diversos instrumentos de laborat\u00f3rio para ensaios de produtos e medi\u00e7\u00f5es luminosas relacionadas com o sector da ilumina\u00e7\u00e3o.<\/p>\n<\/div>\n<div id=\"apdi\">\n<h3><span style=\"color: #1e57a8;\">Sobre a APDI, Associa\u00e7\u00e3o Profissional de Projectistas de Ilumina\u00e7\u00e3o<\/span><\/h3>\n<p>A APDI \u00e9 a plataforma que integra e defende os profissionais do desenho de ilumina\u00e7\u00e3o arquitect\u00f3nica em Espanha. Fundada em 2008, \u00e9 uma organiza\u00e7\u00e3o independente, sem fins lucrativos, que funciona gra\u00e7as ao trabalho volunt\u00e1rio e altru\u00edsta dos seus membros, e cujos recursos s\u00e3o dedicados \u00e0s diferentes iniciativas que respondem \u00e0 sua causa fundadora: criar uma consci\u00eancia colectiva da cultura da luz e difundir a pr\u00e1tica independente do Lighting Design.<\/p>\n<p>Para isso, desenvolve um trabalho de representa\u00e7\u00e3o dos profissionais do sector e diferentes actividades destinadas a apoiar e dar visibilidade \u00e0 profiss\u00e3o. Entre elas, destacam-se as que visam a forma\u00e7\u00e3o e o desenvolvimento profissional dos seus membros, bem como a melhoria da qualidade e efici\u00eancia do design de ilumina\u00e7\u00e3o, a promo\u00e7\u00e3o da colabora\u00e7\u00e3o entre profissionais do sector, a promo\u00e7\u00e3o de um quadro regulamentar e a divulga\u00e7\u00e3o da import\u00e2ncia da boa ilumina\u00e7\u00e3o na vida quotidiana.<\/p>\n<\/div>\n<\/div>\n<h4><strong>\ud83d\udd9d Se estiver interessado em saber mais sobre os <a style=\"color: #1e57a8;\" href=\"https:\/\/asselum.com\/pt-pt\/laboratorio\/\">laborat\u00f3rios de ensaio de ilumina\u00e7\u00e3o<\/a>, visite o nosso s\u00edtio Web ou contacte-nos.<\/strong><\/h4>\n<h4><strong>Apresentamos os nossos <a style=\"color: #1e57a8;\" href=\"https:\/\/asselum.com\/pt-pt\/instrumentos-laboratoriais\/\">instrumentos de medi\u00e7\u00e3o<\/a>n\u00e3o hesite em visitar o nosso s\u00edtio web, onde poder\u00e1 encontrar: <a style=\"color: #1e57a8;\" href=\"https:\/\/asselum.com\/pt-pt\/instrumentos-laboratoriais\/luminancimetros-2\/\">Medidores de Lumin\u00e2ncia<\/a> | <a style=\"color: #1e57a8;\" href=\"https:\/\/asselum.com\/pt-pt\/instrumentos-laboratoriais\/espectrorradiometros-portateis\/\">Espect\u00f3metros<\/a> | <a style=\"color: #1e57a8;\" href=\"https:\/\/asselum.com\/pt-pt\/instrumentos-laboratoriais\/luxometros\/\">Lux\u00edmetros<\/a> <\/strong><\/h4>\n<p> <a href=\"https:\/\/asselum.com\/pt-pt\/espectroradiometros-uprtek\/\"><\/p>\n<figure><img decoding=\"async\" class=\"img-fluid\" title=\"Espectroradiometros UPRtek Asselum Luminotecnics\" src=\"https:\/\/asselum.com\/wp-content\/uploads\/Uprtek-espectroradiometros-asselum-luminotecnics.jpg\" alt=\"espectroradiometros uprtek\" width=\"100%\" height=\"auto\" \/><\/figure>\n<p><\/a><\/p>\n<\/div>\n","protected":false},"excerpt":{"rendered":"<p>Se \u00e9 membro da APDI, conhe\u00e7a o nosso cat\u00e1logo exclusivo de equipamentos de medi\u00e7\u00e3o de ilumina\u00e7\u00e3o e cor! Descontos especiais e treinamento t\u00e9cnico.<\/p>\n","protected":false},"author":1,"featured_media":0,"comment_status":"open","ping_status":"closed","sticky":false,"template":"","format":"standard","meta":{"footnotes":""},"categories":[68],"tags":[],"class_list":["post-6505","post","type-post","status-publish","format-standard","hentry","category-actualidad"],"yoast_head":"<!-- This site is optimized with the Yoast SEO plugin v27.4 - https:\/\/yoast.com\/product\/yoast-seo-wordpress\/ -->\n<title>Asselum e APDI assinam acordo de colabora\u00e7\u00e3o<\/title>\n<meta name=\"robots\" content=\"index, follow, max-snippet:-1, max-image-preview:large, max-video-preview:-1\" \/>\n<link rel=\"canonical\" href=\"https:\/\/asselum.com\/pt-pt\/asselum-e-apdi-assinam-acordo-de-colaboracao\/\" \/>\n<meta property=\"og:locale\" content=\"pt_PT\" \/>\n<meta property=\"og:type\" content=\"article\" \/>\n<meta property=\"og:title\" content=\"Asselum e APDI assinam acordo de colabora\u00e7\u00e3o\" \/>\n<meta property=\"og:description\" content=\"Se \u00e9 membro da APDI, conhe\u00e7a o nosso cat\u00e1logo exclusivo de equipamentos de medi\u00e7\u00e3o de ilumina\u00e7\u00e3o e cor! Descontos especiais e treinamento t\u00e9cnico.\" \/>\n<meta property=\"og:url\" content=\"https:\/\/asselum.com\/pt-pt\/asselum-e-apdi-assinam-acordo-de-colaboracao\/\" \/>\n<meta property=\"og:site_name\" content=\"asselum\" \/>\n<meta property=\"article:publisher\" content=\"https:\/\/www.facebook.com\/Asselum-luminotecnics-999846826722657\/\" \/>\n<meta property=\"article:published_time\" content=\"2023-06-09T14:53:41+00:00\" \/>\n<meta property=\"og:image\" content=\"https:\/\/asselum.com\/wp-content\/uploads\/Asselum-img-apdi-blog-pt-1024x625.jpg\" \/>\n<meta name=\"author\" content=\"admin\" \/>\n<meta name=\"twitter:card\" content=\"summary_large_image\" \/>\n<meta name=\"twitter:title\" content=\"Asselum e APDI assinam acordo de colabora\u00e7\u00e3o\" \/>\n<meta name=\"twitter:description\" content=\"Se \u00e9 membro da APDI, conhe\u00e7a o nosso cat\u00e1logo exclusivo de equipamentos de medi\u00e7\u00e3o de ilumina\u00e7\u00e3o e cor! Descontos especiais e treinamento t\u00e9cnico.\" \/>\n<meta name=\"twitter:image\" content=\"https:\/\/asselum.com\/wp-content\/uploads\/Asselum-img-apdi-blog-pt-1024x625.jpg\" \/>\n<meta name=\"twitter:label1\" content=\"Escrito por\" \/>\n\t<meta name=\"twitter:data1\" content=\"admin\" \/>\n\t<meta name=\"twitter:label2\" content=\"Tempo estimado de leitura\" \/>\n\t<meta name=\"twitter:data2\" content=\"4 minutos\" \/>\n<script type=\"application\/ld+json\" class=\"yoast-schema-graph\">{\"@context\":\"https:\\\/\\\/schema.org\",\"@graph\":[{\"@type\":\"Article\",\"@id\":\"https:\\\/\\\/asselum.com\\\/pt-pt\\\/asselum-e-apdi-assinam-acordo-de-colaboracao\\\/#article\",\"isPartOf\":{\"@id\":\"https:\\\/\\\/asselum.com\\\/pt-pt\\\/asselum-e-apdi-assinam-acordo-de-colaboracao\\\/\"},\"author\":{\"name\":\"admin\",\"@id\":\"https:\\\/\\\/asselum.com\\\/pt-pt\\\/#\\\/schema\\\/person\\\/9cdf64e83cf996ba0f2ec2b398a02091\"},\"headline\":\"Asselum e APDI assinam acordo de colabora\u00e7\u00e3o\",\"datePublished\":\"2023-06-09T14:53:41+00:00\",\"mainEntityOfPage\":{\"@id\":\"https:\\\/\\\/asselum.com\\\/pt-pt\\\/asselum-e-apdi-assinam-acordo-de-colaboracao\\\/\"},\"wordCount\":809,\"commentCount\":0,\"image\":{\"@id\":\"https:\\\/\\\/asselum.com\\\/pt-pt\\\/asselum-e-apdi-assinam-acordo-de-colaboracao\\\/#primaryimage\"},\"thumbnailUrl\":\"https:\\\/\\\/asselum.com\\\/wp-content\\\/uploads\\\/MK350S-2-1-1-300x300.jpg\",\"articleSection\":[\"Actualidad\"],\"inLanguage\":\"pt-PT\",\"potentialAction\":[{\"@type\":\"CommentAction\",\"name\":\"Comment\",\"target\":[\"https:\\\/\\\/asselum.com\\\/pt-pt\\\/asselum-e-apdi-assinam-acordo-de-colaboracao\\\/#respond\"]}]},{\"@type\":\"WebPage\",\"@id\":\"https:\\\/\\\/asselum.com\\\/pt-pt\\\/asselum-e-apdi-assinam-acordo-de-colaboracao\\\/\",\"url\":\"https:\\\/\\\/asselum.com\\\/pt-pt\\\/asselum-e-apdi-assinam-acordo-de-colaboracao\\\/\",\"name\":\"Asselum e APDI assinam acordo de colabora\u00e7\u00e3o\",\"isPartOf\":{\"@id\":\"https:\\\/\\\/asselum.com\\\/pt-pt\\\/#website\"},\"primaryImageOfPage\":{\"@id\":\"https:\\\/\\\/asselum.com\\\/pt-pt\\\/asselum-e-apdi-assinam-acordo-de-colaboracao\\\/#primaryimage\"},\"image\":{\"@id\":\"https:\\\/\\\/asselum.com\\\/pt-pt\\\/asselum-e-apdi-assinam-acordo-de-colaboracao\\\/#primaryimage\"},\"thumbnailUrl\":\"https:\\\/\\\/asselum.com\\\/wp-content\\\/uploads\\\/MK350S-2-1-1-300x300.jpg\",\"datePublished\":\"2023-06-09T14:53:41+00:00\",\"author\":{\"@id\":\"https:\\\/\\\/asselum.com\\\/pt-pt\\\/#\\\/schema\\\/person\\\/9cdf64e83cf996ba0f2ec2b398a02091\"},\"breadcrumb\":{\"@id\":\"https:\\\/\\\/asselum.com\\\/pt-pt\\\/asselum-e-apdi-assinam-acordo-de-colaboracao\\\/#breadcrumb\"},\"inLanguage\":\"pt-PT\",\"potentialAction\":[{\"@type\":\"ReadAction\",\"target\":[\"https:\\\/\\\/asselum.com\\\/pt-pt\\\/asselum-e-apdi-assinam-acordo-de-colaboracao\\\/\"]}]},{\"@type\":\"ImageObject\",\"inLanguage\":\"pt-PT\",\"@id\":\"https:\\\/\\\/asselum.com\\\/pt-pt\\\/asselum-e-apdi-assinam-acordo-de-colaboracao\\\/#primaryimage\",\"url\":\"https:\\\/\\\/asselum.com\\\/wp-content\\\/uploads\\\/MK350S-2-1-1-300x300.jpg\",\"contentUrl\":\"https:\\\/\\\/asselum.com\\\/wp-content\\\/uploads\\\/MK350S-2-1-1-300x300.jpg\"},{\"@type\":\"BreadcrumbList\",\"@id\":\"https:\\\/\\\/asselum.com\\\/pt-pt\\\/asselum-e-apdi-assinam-acordo-de-colaboracao\\\/#breadcrumb\",\"itemListElement\":[{\"@type\":\"ListItem\",\"position\":1,\"name\":\"Home\",\"item\":\"https:\\\/\\\/asselum.com\\\/pt-pt\\\/\"},{\"@type\":\"ListItem\",\"position\":2,\"name\":\"Asselum e APDI assinam acordo de colabora\u00e7\u00e3o\"}]},{\"@type\":\"WebSite\",\"@id\":\"https:\\\/\\\/asselum.com\\\/pt-pt\\\/#website\",\"url\":\"https:\\\/\\\/asselum.com\\\/pt-pt\\\/\",\"name\":\"asselum\",\"description\":\"\",\"potentialAction\":[{\"@type\":\"SearchAction\",\"target\":{\"@type\":\"EntryPoint\",\"urlTemplate\":\"https:\\\/\\\/asselum.com\\\/pt-pt\\\/?s={search_term_string}\"},\"query-input\":{\"@type\":\"PropertyValueSpecification\",\"valueRequired\":true,\"valueName\":\"search_term_string\"}}],\"inLanguage\":\"pt-PT\"},{\"@type\":\"Person\",\"@id\":\"https:\\\/\\\/asselum.com\\\/pt-pt\\\/#\\\/schema\\\/person\\\/9cdf64e83cf996ba0f2ec2b398a02091\",\"name\":\"admin\",\"image\":{\"@type\":\"ImageObject\",\"inLanguage\":\"pt-PT\",\"@id\":\"https:\\\/\\\/secure.gravatar.com\\\/avatar\\\/128ddaa8fd25bf4339cb192ade2a01e84e20a555b66442ee33957ea7b9aaca15?s=96&d=mm&r=g\",\"url\":\"https:\\\/\\\/secure.gravatar.com\\\/avatar\\\/128ddaa8fd25bf4339cb192ade2a01e84e20a555b66442ee33957ea7b9aaca15?s=96&d=mm&r=g\",\"contentUrl\":\"https:\\\/\\\/secure.gravatar.com\\\/avatar\\\/128ddaa8fd25bf4339cb192ade2a01e84e20a555b66442ee33957ea7b9aaca15?s=96&d=mm&r=g\",\"caption\":\"admin\"},\"sameAs\":[\"https:\\\/\\\/asselum.com\"]}]}<\/script>\n<!-- \/ Yoast SEO plugin. -->","yoast_head_json":{"title":"Asselum e APDI assinam acordo de colabora\u00e7\u00e3o","robots":{"index":"index","follow":"follow","max-snippet":"max-snippet:-1","max-image-preview":"max-image-preview:large","max-video-preview":"max-video-preview:-1"},"canonical":"https:\/\/asselum.com\/pt-pt\/asselum-e-apdi-assinam-acordo-de-colaboracao\/","og_locale":"pt_PT","og_type":"article","og_title":"Asselum e APDI assinam acordo de colabora\u00e7\u00e3o","og_description":"Se \u00e9 membro da APDI, conhe\u00e7a o nosso cat\u00e1logo exclusivo de equipamentos de medi\u00e7\u00e3o de ilumina\u00e7\u00e3o e cor! Descontos especiais e treinamento t\u00e9cnico.","og_url":"https:\/\/asselum.com\/pt-pt\/asselum-e-apdi-assinam-acordo-de-colaboracao\/","og_site_name":"asselum","article_publisher":"https:\/\/www.facebook.com\/Asselum-luminotecnics-999846826722657\/","article_published_time":"2023-06-09T14:53:41+00:00","og_image":[{"url":"https:\/\/asselum.com\/wp-content\/uploads\/Asselum-img-apdi-blog-pt-1024x625.jpg","type":"","width":"","height":""}],"author":"admin","twitter_card":"summary_large_image","twitter_title":"Asselum e APDI assinam acordo de colabora\u00e7\u00e3o","twitter_description":"Se \u00e9 membro da APDI, conhe\u00e7a o nosso cat\u00e1logo exclusivo de equipamentos de medi\u00e7\u00e3o de ilumina\u00e7\u00e3o e cor! Descontos especiais e treinamento t\u00e9cnico.","twitter_image":"https:\/\/asselum.com\/wp-content\/uploads\/Asselum-img-apdi-blog-pt-1024x625.jpg","twitter_misc":{"Escrito por":"admin","Tempo estimado de leitura":"4 minutos"},"schema":{"@context":"https:\/\/schema.org","@graph":[{"@type":"Article","@id":"https:\/\/asselum.com\/pt-pt\/asselum-e-apdi-assinam-acordo-de-colaboracao\/#article","isPartOf":{"@id":"https:\/\/asselum.com\/pt-pt\/asselum-e-apdi-assinam-acordo-de-colaboracao\/"},"author":{"name":"admin","@id":"https:\/\/asselum.com\/pt-pt\/#\/schema\/person\/9cdf64e83cf996ba0f2ec2b398a02091"},"headline":"Asselum e APDI assinam acordo de colabora\u00e7\u00e3o","datePublished":"2023-06-09T14:53:41+00:00","mainEntityOfPage":{"@id":"https:\/\/asselum.com\/pt-pt\/asselum-e-apdi-assinam-acordo-de-colaboracao\/"},"wordCount":809,"commentCount":0,"image":{"@id":"https:\/\/asselum.com\/pt-pt\/asselum-e-apdi-assinam-acordo-de-colaboracao\/#primaryimage"},"thumbnailUrl":"https:\/\/asselum.com\/wp-content\/uploads\/MK350S-2-1-1-300x300.jpg","articleSection":["Actualidad"],"inLanguage":"pt-PT","potentialAction":[{"@type":"CommentAction","name":"Comment","target":["https:\/\/asselum.com\/pt-pt\/asselum-e-apdi-assinam-acordo-de-colaboracao\/#respond"]}]},{"@type":"WebPage","@id":"https:\/\/asselum.com\/pt-pt\/asselum-e-apdi-assinam-acordo-de-colaboracao\/","url":"https:\/\/asselum.com\/pt-pt\/asselum-e-apdi-assinam-acordo-de-colaboracao\/","name":"Asselum e APDI assinam acordo de colabora\u00e7\u00e3o","isPartOf":{"@id":"https:\/\/asselum.com\/pt-pt\/#website"},"primaryImageOfPage":{"@id":"https:\/\/asselum.com\/pt-pt\/asselum-e-apdi-assinam-acordo-de-colaboracao\/#primaryimage"},"image":{"@id":"https:\/\/asselum.com\/pt-pt\/asselum-e-apdi-assinam-acordo-de-colaboracao\/#primaryimage"},"thumbnailUrl":"https:\/\/asselum.com\/wp-content\/uploads\/MK350S-2-1-1-300x300.jpg","datePublished":"2023-06-09T14:53:41+00:00","author":{"@id":"https:\/\/asselum.com\/pt-pt\/#\/schema\/person\/9cdf64e83cf996ba0f2ec2b398a02091"},"breadcrumb":{"@id":"https:\/\/asselum.com\/pt-pt\/asselum-e-apdi-assinam-acordo-de-colaboracao\/#breadcrumb"},"inLanguage":"pt-PT","potentialAction":[{"@type":"ReadAction","target":["https:\/\/asselum.com\/pt-pt\/asselum-e-apdi-assinam-acordo-de-colaboracao\/"]}]},{"@type":"ImageObject","inLanguage":"pt-PT","@id":"https:\/\/asselum.com\/pt-pt\/asselum-e-apdi-assinam-acordo-de-colaboracao\/#primaryimage","url":"https:\/\/asselum.com\/wp-content\/uploads\/MK350S-2-1-1-300x300.jpg","contentUrl":"https:\/\/asselum.com\/wp-content\/uploads\/MK350S-2-1-1-300x300.jpg"},{"@type":"BreadcrumbList","@id":"https:\/\/asselum.com\/pt-pt\/asselum-e-apdi-assinam-acordo-de-colaboracao\/#breadcrumb","itemListElement":[{"@type":"ListItem","position":1,"name":"Home","item":"https:\/\/asselum.com\/pt-pt\/"},{"@type":"ListItem","position":2,"name":"Asselum e APDI assinam acordo de colabora\u00e7\u00e3o"}]},{"@type":"WebSite","@id":"https:\/\/asselum.com\/pt-pt\/#website","url":"https:\/\/asselum.com\/pt-pt\/","name":"asselum","description":"","potentialAction":[{"@type":"SearchAction","target":{"@type":"EntryPoint","urlTemplate":"https:\/\/asselum.com\/pt-pt\/?s={search_term_string}"},"query-input":{"@type":"PropertyValueSpecification","valueRequired":true,"valueName":"search_term_string"}}],"inLanguage":"pt-PT"},{"@type":"Person","@id":"https:\/\/asselum.com\/pt-pt\/#\/schema\/person\/9cdf64e83cf996ba0f2ec2b398a02091","name":"admin","image":{"@type":"ImageObject","inLanguage":"pt-PT","@id":"https:\/\/secure.gravatar.com\/avatar\/128ddaa8fd25bf4339cb192ade2a01e84e20a555b66442ee33957ea7b9aaca15?s=96&d=mm&r=g","url":"https:\/\/secure.gravatar.com\/avatar\/128ddaa8fd25bf4339cb192ade2a01e84e20a555b66442ee33957ea7b9aaca15?s=96&d=mm&r=g","contentUrl":"https:\/\/secure.gravatar.com\/avatar\/128ddaa8fd25bf4339cb192ade2a01e84e20a555b66442ee33957ea7b9aaca15?s=96&d=mm&r=g","caption":"admin"},"sameAs":["https:\/\/asselum.com"]}]}},"_links":{"self":[{"href":"https:\/\/asselum.com\/pt-pt\/wp-json\/wp\/v2\/posts\/6505","targetHints":{"allow":["GET"]}}],"collection":[{"href":"https:\/\/asselum.com\/pt-pt\/wp-json\/wp\/v2\/posts"}],"about":[{"href":"https:\/\/asselum.com\/pt-pt\/wp-json\/wp\/v2\/types\/post"}],"author":[{"embeddable":true,"href":"https:\/\/asselum.com\/pt-pt\/wp-json\/wp\/v2\/users\/1"}],"replies":[{"embeddable":true,"href":"https:\/\/asselum.com\/pt-pt\/wp-json\/wp\/v2\/comments?post=6505"}],"version-history":[{"count":0,"href":"https:\/\/asselum.com\/pt-pt\/wp-json\/wp\/v2\/posts\/6505\/revisions"}],"wp:attachment":[{"href":"https:\/\/asselum.com\/pt-pt\/wp-json\/wp\/v2\/media?parent=6505"}],"wp:term":[{"taxonomy":"category","embeddable":true,"href":"https:\/\/asselum.com\/pt-pt\/wp-json\/wp\/v2\/categories?post=6505"},{"taxonomy":"post_tag","embeddable":true,"href":"https:\/\/asselum.com\/pt-pt\/wp-json\/wp\/v2\/tags?post=6505"}],"curies":[{"name":"wp","href":"https:\/\/api.w.org\/{rel}","templated":true}]}}