{"id":6440,"date":"2023-05-03T19:32:00","date_gmt":"2023-05-03T19:32:00","guid":{"rendered":"https:\/\/asselum.com\/cours-a-minorque-sur-leclairage-exterieur-et-la-pollution-lumineuse\/"},"modified":"2023-05-03T19:32:00","modified_gmt":"2023-05-03T19:32:00","slug":"cours-a-minorque-sur-leclairage-exterieur-et-la-pollution-lumineuse","status":"publish","type":"post","link":"https:\/\/asselum.com\/fr\/cours-a-minorque-sur-leclairage-exterieur-et-la-pollution-lumineuse\/","title":{"rendered":"Cours \u00e0 Minorque sur l&rsquo;\u00e9clairage ext\u00e9rieur et la pollution lumineuse"},"content":{"rendered":"<div>\n<p class=\"lead\"><span style=\"font-size: 12pt;\">Asselum, en tant qu&rsquo;entreprise d\u00e9di\u00e9e au <a style=\"color: #1e57a8;\" href=\"https:\/\/asselum.com\/fr\/\">secteur de l&rsquo;\u00e9clairage<\/a>, s&rsquo;engage \u00e0 respecter la r\u00e9glementation et \u00e0 pr\u00e9server l&rsquo;environnement. C&rsquo;est pourquoi Marc Ballb\u00e8 d&rsquo;Asselum a dispens\u00e9 deux cours \u00e0 Minorque sur l&rsquo;\u00e9clairage ext\u00e9rieur et la pollution lumineuse.<\/span><\/p>\n<p>Le premier cours portait sur les v\u00e9rifications qui peuvent \u00eatre effectu\u00e9es en laboratoire en tant qu&rsquo;outil de contr\u00f4le de produit, tandis que le deuxi\u00e8me traitait des instruments de mesure pour les audits de luminotechnique. Ces cours ont fourni une vision compl\u00e8te de la luminotechnique appliqu\u00e9e en tant que science qui nous permet de r\u00e9aliser des activit\u00e9s nocturnes de mani\u00e8re respectueuse de l&rsquo;environnement.<\/p>\n<figure>\n        <img decoding=\"async\" class=\"img-fluid\" src=\"https:\/\/asselum.com\/wp-content\/uploads\/curso-menorca-Asselum-Luminotecnics-enllumenat-exterior.jpg\" alt=\"profesor explica alumnos adultos\" title=\"Curso sobre iluminaci\u00f3n exterior y contaminaci\u00f3n lum\u00ednica impartido por Marc Ballb\u00e8 de Asselum\" width=\"100%\" height=\"auto\"\/><br \/>\n    <\/figure>\n<p>Le Conseil Insulaire de Minorque dispose de sa propre r\u00e9glementation pour pr\u00e9venir la pollution lumineuse et pr\u00e9server l&rsquo;obscurit\u00e9 du ciel nocturne. Cette r\u00e9glementation soutient la d\u00e9claration de Minorque en tant que destination touristique et r\u00e9serve Starlight.<\/p>\n<p>L&rsquo;Agence Menorca Reserva de Biosfera a organis\u00e9 ce cours th\u00e9orique et pratique pour l&rsquo;application du R\u00e8glement de Protection de l&rsquo;Environnement Nocturne de Minorque, destin\u00e9 aux techniciens, concepteurs, directeurs de travaux et entreprises d&rsquo;\u00e9clairage. Dans la partie pratique, des mesures ont \u00e9t\u00e9 prises sur le terrain pour g\u00e9n\u00e9rer des \u00e9tudes lumineuses.<\/p>\n<p>Le cours a dur\u00e9 un total de 35 heures (6 journ\u00e9es de 5 heures diurnes et deux de 2,5 heures nocturnes). Dans la partie th\u00e9orique, les fondements de la r\u00e9glementation et son application ont \u00e9t\u00e9 expliqu\u00e9s, tandis que des mesures ont \u00e9t\u00e9 prises sur le terrain dans la partie pratique pour pouvoir g\u00e9n\u00e9rer des \u00e9tudes lumineuses et les interpr\u00e9ter par la suite.<\/p>\n<figure>\n        <img decoding=\"async\" class=\"img-fluid\" src=\"https:\/\/asselum.com\/wp-content\/uploads\/curso-menorca-enllumenat-exterior-Asselum.jpg\" alt=\"personas calle noche cartel iluminado\" title=\"Curso sobre iluminaci\u00f3n exterior y contaminaci\u00f3n lum\u00ednica impartido por Marc Ballb\u00e8 de Asselum\" width=\"100%\" height=\"auto\"\/><br \/>\n    <\/figure>\n<figure>\n        <img decoding=\"async\" class=\"img-fluid\" src=\"https:\/\/asselum.com\/wp-content\/uploads\/curso-menorca-enllumenat-exterior-Asselum-Luminotecnics.jpg\" alt=\"personas calle noche\" title=\"Curso sobre iluminaci\u00f3n exterior y contaminaci\u00f3n lum\u00ednica impartido por Marc Ballb\u00e8 de Asselum\" width=\"100%\" height=\"auto\"\/><br \/>\n    <\/figure>\n<p>Le cours a \u00e9t\u00e9 divis\u00e9 en deux groupes : l&rsquo;un pour les techniciens des administrations et l&rsquo;autre pour les entreprises et les techniciens du secteur. Les pratiques nocturnes ont \u00e9t\u00e9 conjointes. Les sessions ont \u00e9t\u00e9 dispens\u00e9es par des techniciens experts dans les diff\u00e9rentes mati\u00e8res.<\/p>\n<figure>\n        <img decoding=\"async\" class=\"img-fluid\" src=\"https:\/\/asselum.com\/wp-content\/uploads\/curso-menorca-Asselum-enllumenat-exterior.jpg\" alt=\"hombre explica grafica pizarra digital\" title=\"Curso sobre iluminaci\u00f3n exterior y contaminaci\u00f3n lum\u00ednica impartido por Marc Ballb\u00e8 de Asselum\" width=\"100%\" height=\"auto\"\/><br \/>\n    <\/figure>\n<p>Chez Asselum, nous sommes heureux d&rsquo;avoir particip\u00e9 \u00e0 cette initiative pour sensibiliser \u00e0 l&rsquo;importance de l&rsquo;\u00e9clairage responsable et au respect de la r\u00e9glementation pour prot\u00e9ger l&rsquo;environnement.<\/p>\n<p>Nous remercions <strong>Miatec<\/strong> et <strong>Lum\u00ednica Ambiental<\/strong> d&rsquo;avoir rendu possible ce cours et d&rsquo;avoir compt\u00e9 sur notre collaboration.<\/p>\n<h4><strong>\ud83d\udd9d Si vous souhaitez en savoir plus sur les <a style=\"color: #1e57a8;\" href=\"https:\/\/asselum.com\/instrumentos-laboratorio\/\">instruments de mesure<\/a> n&rsquo;h\u00e9sitez pas \u00e0 visiter notre site web o\u00f9 vous pourrez trouver: <a style=\"color: #1e57a8;\" href=\"https:\/\/asselum.com\/fr\/instruments-de-laboratoire\/luminometres\/\">Luminanc\u00edmetros<\/a> | <a style=\"color: #1e57a8;\" href=\"https:\/\/asselum.com\/fr\/instruments-de-laboratoire\/spectroradiometres-portables\/\">Espectroradi\u00f3metros<\/a> | <a style=\"color: #1e57a8;\" href=\"https:\/\/asselum.com\/fr\/instruments-de-laboratoire\/luxmetres\/\">Lux\u00f3metros<\/a> <\/strong><\/h4>\n<p>        <a href=\"https:\/\/asselum.com\/fr\/espectroradiometros-uprtek\/\"><\/p>\n<figure>\n     <img decoding=\"async\" class=\"img-fluid\" src=\"https:\/\/asselum.com\/wp-content\/uploads\/Uprtek-espectroradiometros-asselum-luminotecnics.jpg\" alt=\"espectroradiometros uprtek\" title=\"Espectroradiometros UPRtek Asselum Luminotecnics\" width=\"100%\" height=\"auto\"\/><br \/>\n    <\/figure>\n<p>    <\/a>\n<\/div>\n","protected":false},"excerpt":{"rendered":"<p>Asselum a donn\u00e9 deux cours \u00e0 Minorque sur l&rsquo;\u00e9clairage ext\u00e9rieur et la pollution lumineuse, ax\u00e9s sur les contr\u00f4les de laboratoire et la mesure des audits.<\/p>\n","protected":false},"author":1,"featured_media":0,"comment_status":"open","ping_status":"closed","sticky":false,"template":"","format":"standard","meta":{"footnotes":""},"categories":[68],"tags":[],"class_list":["post-6440","post","type-post","status-publish","format-standard","hentry","category-actualidad"],"yoast_head":"<!-- This site is optimized with the Yoast SEO plugin v27.4 - https:\/\/yoast.com\/product\/yoast-seo-wordpress\/ -->\n<title>Cours \u00e0 Minorque sur l&#039;\u00e9clairage ext\u00e9rieur et la pollution lumineuse<\/title>\n<meta name=\"robots\" content=\"index, follow, max-snippet:-1, max-image-preview:large, max-video-preview:-1\" \/>\n<link rel=\"canonical\" href=\"https:\/\/asselum.com\/fr\/cours-a-minorque-sur-leclairage-exterieur-et-la-pollution-lumineuse\/\" \/>\n<meta property=\"og:locale\" content=\"fr_FR\" \/>\n<meta property=\"og:type\" content=\"article\" \/>\n<meta property=\"og:title\" content=\"Cours \u00e0 Minorque sur l&#039;\u00e9clairage ext\u00e9rieur et la pollution lumineuse\" \/>\n<meta property=\"og:description\" content=\"Asselum a donn\u00e9 deux cours \u00e0 Minorque sur l&#039;\u00e9clairage ext\u00e9rieur et la pollution lumineuse, ax\u00e9s sur les contr\u00f4les de laboratoire et la mesure des audits.\" \/>\n<meta property=\"og:url\" content=\"https:\/\/asselum.com\/fr\/cours-a-minorque-sur-leclairage-exterieur-et-la-pollution-lumineuse\/\" \/>\n<meta property=\"og:site_name\" content=\"asselum\" \/>\n<meta property=\"article:publisher\" content=\"https:\/\/www.facebook.com\/Asselum-luminotecnics-999846826722657\/\" \/>\n<meta property=\"article:published_time\" content=\"2023-05-03T19:32:00+00:00\" \/>\n<meta property=\"og:image\" content=\"https:\/\/asselum.com\/wp-content\/uploads\/Enllumenat-exterior-Curso-menorca-1024x625.jpg\" \/>\n<meta name=\"author\" content=\"admin\" \/>\n<meta name=\"twitter:card\" content=\"summary_large_image\" \/>\n<meta name=\"twitter:title\" content=\"Cours \u00e0 Minorque sur l&#039;\u00e9clairage ext\u00e9rieur et la pollution lumineuse\" \/>\n<meta name=\"twitter:description\" content=\"Asselum a donn\u00e9 deux cours \u00e0 Minorque sur l&#039;\u00e9clairage ext\u00e9rieur et la pollution lumineuse, ax\u00e9s sur les contr\u00f4les de laboratoire et la mesure des audits.\" \/>\n<meta name=\"twitter:image\" content=\"https:\/\/asselum.com\/wp-content\/uploads\/Enllumenat-exterior-Curso-menorca-1024x625.jpg\" \/>\n<meta name=\"twitter:label1\" content=\"\u00c9crit par\" \/>\n\t<meta name=\"twitter:data1\" content=\"admin\" \/>\n\t<meta name=\"twitter:label2\" content=\"Dur\u00e9e de lecture estim\u00e9e\" \/>\n\t<meta name=\"twitter:data2\" content=\"2 minutes\" \/>\n<script type=\"application\/ld+json\" class=\"yoast-schema-graph\">{\"@context\":\"https:\\\/\\\/schema.org\",\"@graph\":[{\"@type\":\"Article\",\"@id\":\"https:\\\/\\\/asselum.com\\\/fr\\\/cours-a-minorque-sur-leclairage-exterieur-et-la-pollution-lumineuse\\\/#article\",\"isPartOf\":{\"@id\":\"https:\\\/\\\/asselum.com\\\/fr\\\/cours-a-minorque-sur-leclairage-exterieur-et-la-pollution-lumineuse\\\/\"},\"author\":{\"name\":\"admin\",\"@id\":\"https:\\\/\\\/asselum.com\\\/fr\\\/#\\\/schema\\\/person\\\/9cdf64e83cf996ba0f2ec2b398a02091\"},\"headline\":\"Cours \u00e0 Minorque sur l&rsquo;\u00e9clairage ext\u00e9rieur et la pollution lumineuse\",\"datePublished\":\"2023-05-03T19:32:00+00:00\",\"mainEntityOfPage\":{\"@id\":\"https:\\\/\\\/asselum.com\\\/fr\\\/cours-a-minorque-sur-leclairage-exterieur-et-la-pollution-lumineuse\\\/\"},\"wordCount\":422,\"commentCount\":0,\"image\":{\"@id\":\"https:\\\/\\\/asselum.com\\\/fr\\\/cours-a-minorque-sur-leclairage-exterieur-et-la-pollution-lumineuse\\\/#primaryimage\"},\"thumbnailUrl\":\"https:\\\/\\\/asselum.com\\\/wp-content\\\/uploads\\\/curso-menorca-Asselum-Luminotecnics-enllumenat-exterior.jpg\",\"articleSection\":[\"Actualidad\"],\"inLanguage\":\"fr-FR\",\"potentialAction\":[{\"@type\":\"CommentAction\",\"name\":\"Comment\",\"target\":[\"https:\\\/\\\/asselum.com\\\/fr\\\/cours-a-minorque-sur-leclairage-exterieur-et-la-pollution-lumineuse\\\/#respond\"]}]},{\"@type\":\"WebPage\",\"@id\":\"https:\\\/\\\/asselum.com\\\/fr\\\/cours-a-minorque-sur-leclairage-exterieur-et-la-pollution-lumineuse\\\/\",\"url\":\"https:\\\/\\\/asselum.com\\\/fr\\\/cours-a-minorque-sur-leclairage-exterieur-et-la-pollution-lumineuse\\\/\",\"name\":\"Cours \u00e0 Minorque sur l'\u00e9clairage ext\u00e9rieur et la pollution lumineuse\",\"isPartOf\":{\"@id\":\"https:\\\/\\\/asselum.com\\\/fr\\\/#website\"},\"primaryImageOfPage\":{\"@id\":\"https:\\\/\\\/asselum.com\\\/fr\\\/cours-a-minorque-sur-leclairage-exterieur-et-la-pollution-lumineuse\\\/#primaryimage\"},\"image\":{\"@id\":\"https:\\\/\\\/asselum.com\\\/fr\\\/cours-a-minorque-sur-leclairage-exterieur-et-la-pollution-lumineuse\\\/#primaryimage\"},\"thumbnailUrl\":\"https:\\\/\\\/asselum.com\\\/wp-content\\\/uploads\\\/curso-menorca-Asselum-Luminotecnics-enllumenat-exterior.jpg\",\"datePublished\":\"2023-05-03T19:32:00+00:00\",\"author\":{\"@id\":\"https:\\\/\\\/asselum.com\\\/fr\\\/#\\\/schema\\\/person\\\/9cdf64e83cf996ba0f2ec2b398a02091\"},\"breadcrumb\":{\"@id\":\"https:\\\/\\\/asselum.com\\\/fr\\\/cours-a-minorque-sur-leclairage-exterieur-et-la-pollution-lumineuse\\\/#breadcrumb\"},\"inLanguage\":\"fr-FR\",\"potentialAction\":[{\"@type\":\"ReadAction\",\"target\":[\"https:\\\/\\\/asselum.com\\\/fr\\\/cours-a-minorque-sur-leclairage-exterieur-et-la-pollution-lumineuse\\\/\"]}]},{\"@type\":\"ImageObject\",\"inLanguage\":\"fr-FR\",\"@id\":\"https:\\\/\\\/asselum.com\\\/fr\\\/cours-a-minorque-sur-leclairage-exterieur-et-la-pollution-lumineuse\\\/#primaryimage\",\"url\":\"https:\\\/\\\/asselum.com\\\/wp-content\\\/uploads\\\/curso-menorca-Asselum-Luminotecnics-enllumenat-exterior.jpg\",\"contentUrl\":\"https:\\\/\\\/asselum.com\\\/wp-content\\\/uploads\\\/curso-menorca-Asselum-Luminotecnics-enllumenat-exterior.jpg\"},{\"@type\":\"BreadcrumbList\",\"@id\":\"https:\\\/\\\/asselum.com\\\/fr\\\/cours-a-minorque-sur-leclairage-exterieur-et-la-pollution-lumineuse\\\/#breadcrumb\",\"itemListElement\":[{\"@type\":\"ListItem\",\"position\":1,\"name\":\"Home\",\"item\":\"https:\\\/\\\/asselum.com\\\/fr\\\/\"},{\"@type\":\"ListItem\",\"position\":2,\"name\":\"Cours \u00e0 Minorque sur l&#8217;\u00e9clairage ext\u00e9rieur et la pollution lumineuse\"}]},{\"@type\":\"WebSite\",\"@id\":\"https:\\\/\\\/asselum.com\\\/fr\\\/#website\",\"url\":\"https:\\\/\\\/asselum.com\\\/fr\\\/\",\"name\":\"asselum\",\"description\":\"\",\"potentialAction\":[{\"@type\":\"SearchAction\",\"target\":{\"@type\":\"EntryPoint\",\"urlTemplate\":\"https:\\\/\\\/asselum.com\\\/fr\\\/?s={search_term_string}\"},\"query-input\":{\"@type\":\"PropertyValueSpecification\",\"valueRequired\":true,\"valueName\":\"search_term_string\"}}],\"inLanguage\":\"fr-FR\"},{\"@type\":\"Person\",\"@id\":\"https:\\\/\\\/asselum.com\\\/fr\\\/#\\\/schema\\\/person\\\/9cdf64e83cf996ba0f2ec2b398a02091\",\"name\":\"admin\",\"image\":{\"@type\":\"ImageObject\",\"inLanguage\":\"fr-FR\",\"@id\":\"https:\\\/\\\/secure.gravatar.com\\\/avatar\\\/128ddaa8fd25bf4339cb192ade2a01e84e20a555b66442ee33957ea7b9aaca15?s=96&d=mm&r=g\",\"url\":\"https:\\\/\\\/secure.gravatar.com\\\/avatar\\\/128ddaa8fd25bf4339cb192ade2a01e84e20a555b66442ee33957ea7b9aaca15?s=96&d=mm&r=g\",\"contentUrl\":\"https:\\\/\\\/secure.gravatar.com\\\/avatar\\\/128ddaa8fd25bf4339cb192ade2a01e84e20a555b66442ee33957ea7b9aaca15?s=96&d=mm&r=g\",\"caption\":\"admin\"},\"sameAs\":[\"https:\\\/\\\/asselum.com\"]}]}<\/script>\n<!-- \/ Yoast SEO plugin. -->","yoast_head_json":{"title":"Cours \u00e0 Minorque sur l'\u00e9clairage ext\u00e9rieur et la pollution lumineuse","robots":{"index":"index","follow":"follow","max-snippet":"max-snippet:-1","max-image-preview":"max-image-preview:large","max-video-preview":"max-video-preview:-1"},"canonical":"https:\/\/asselum.com\/fr\/cours-a-minorque-sur-leclairage-exterieur-et-la-pollution-lumineuse\/","og_locale":"fr_FR","og_type":"article","og_title":"Cours \u00e0 Minorque sur l'\u00e9clairage ext\u00e9rieur et la pollution lumineuse","og_description":"Asselum a donn\u00e9 deux cours \u00e0 Minorque sur l'\u00e9clairage ext\u00e9rieur et la pollution lumineuse, ax\u00e9s sur les contr\u00f4les de laboratoire et la mesure des audits.","og_url":"https:\/\/asselum.com\/fr\/cours-a-minorque-sur-leclairage-exterieur-et-la-pollution-lumineuse\/","og_site_name":"asselum","article_publisher":"https:\/\/www.facebook.com\/Asselum-luminotecnics-999846826722657\/","article_published_time":"2023-05-03T19:32:00+00:00","og_image":[{"url":"https:\/\/asselum.com\/wp-content\/uploads\/Enllumenat-exterior-Curso-menorca-1024x625.jpg","type":"","width":"","height":""}],"author":"admin","twitter_card":"summary_large_image","twitter_title":"Cours \u00e0 Minorque sur l'\u00e9clairage ext\u00e9rieur et la pollution lumineuse","twitter_description":"Asselum a donn\u00e9 deux cours \u00e0 Minorque sur l'\u00e9clairage ext\u00e9rieur et la pollution lumineuse, ax\u00e9s sur les contr\u00f4les de laboratoire et la mesure des audits.","twitter_image":"https:\/\/asselum.com\/wp-content\/uploads\/Enllumenat-exterior-Curso-menorca-1024x625.jpg","twitter_misc":{"\u00c9crit par":"admin","Dur\u00e9e de lecture estim\u00e9e":"2 minutes"},"schema":{"@context":"https:\/\/schema.org","@graph":[{"@type":"Article","@id":"https:\/\/asselum.com\/fr\/cours-a-minorque-sur-leclairage-exterieur-et-la-pollution-lumineuse\/#article","isPartOf":{"@id":"https:\/\/asselum.com\/fr\/cours-a-minorque-sur-leclairage-exterieur-et-la-pollution-lumineuse\/"},"author":{"name":"admin","@id":"https:\/\/asselum.com\/fr\/#\/schema\/person\/9cdf64e83cf996ba0f2ec2b398a02091"},"headline":"Cours \u00e0 Minorque sur l&rsquo;\u00e9clairage ext\u00e9rieur et la pollution lumineuse","datePublished":"2023-05-03T19:32:00+00:00","mainEntityOfPage":{"@id":"https:\/\/asselum.com\/fr\/cours-a-minorque-sur-leclairage-exterieur-et-la-pollution-lumineuse\/"},"wordCount":422,"commentCount":0,"image":{"@id":"https:\/\/asselum.com\/fr\/cours-a-minorque-sur-leclairage-exterieur-et-la-pollution-lumineuse\/#primaryimage"},"thumbnailUrl":"https:\/\/asselum.com\/wp-content\/uploads\/curso-menorca-Asselum-Luminotecnics-enllumenat-exterior.jpg","articleSection":["Actualidad"],"inLanguage":"fr-FR","potentialAction":[{"@type":"CommentAction","name":"Comment","target":["https:\/\/asselum.com\/fr\/cours-a-minorque-sur-leclairage-exterieur-et-la-pollution-lumineuse\/#respond"]}]},{"@type":"WebPage","@id":"https:\/\/asselum.com\/fr\/cours-a-minorque-sur-leclairage-exterieur-et-la-pollution-lumineuse\/","url":"https:\/\/asselum.com\/fr\/cours-a-minorque-sur-leclairage-exterieur-et-la-pollution-lumineuse\/","name":"Cours \u00e0 Minorque sur l'\u00e9clairage ext\u00e9rieur et la pollution lumineuse","isPartOf":{"@id":"https:\/\/asselum.com\/fr\/#website"},"primaryImageOfPage":{"@id":"https:\/\/asselum.com\/fr\/cours-a-minorque-sur-leclairage-exterieur-et-la-pollution-lumineuse\/#primaryimage"},"image":{"@id":"https:\/\/asselum.com\/fr\/cours-a-minorque-sur-leclairage-exterieur-et-la-pollution-lumineuse\/#primaryimage"},"thumbnailUrl":"https:\/\/asselum.com\/wp-content\/uploads\/curso-menorca-Asselum-Luminotecnics-enllumenat-exterior.jpg","datePublished":"2023-05-03T19:32:00+00:00","author":{"@id":"https:\/\/asselum.com\/fr\/#\/schema\/person\/9cdf64e83cf996ba0f2ec2b398a02091"},"breadcrumb":{"@id":"https:\/\/asselum.com\/fr\/cours-a-minorque-sur-leclairage-exterieur-et-la-pollution-lumineuse\/#breadcrumb"},"inLanguage":"fr-FR","potentialAction":[{"@type":"ReadAction","target":["https:\/\/asselum.com\/fr\/cours-a-minorque-sur-leclairage-exterieur-et-la-pollution-lumineuse\/"]}]},{"@type":"ImageObject","inLanguage":"fr-FR","@id":"https:\/\/asselum.com\/fr\/cours-a-minorque-sur-leclairage-exterieur-et-la-pollution-lumineuse\/#primaryimage","url":"https:\/\/asselum.com\/wp-content\/uploads\/curso-menorca-Asselum-Luminotecnics-enllumenat-exterior.jpg","contentUrl":"https:\/\/asselum.com\/wp-content\/uploads\/curso-menorca-Asselum-Luminotecnics-enllumenat-exterior.jpg"},{"@type":"BreadcrumbList","@id":"https:\/\/asselum.com\/fr\/cours-a-minorque-sur-leclairage-exterieur-et-la-pollution-lumineuse\/#breadcrumb","itemListElement":[{"@type":"ListItem","position":1,"name":"Home","item":"https:\/\/asselum.com\/fr\/"},{"@type":"ListItem","position":2,"name":"Cours \u00e0 Minorque sur l&#8217;\u00e9clairage ext\u00e9rieur et la pollution lumineuse"}]},{"@type":"WebSite","@id":"https:\/\/asselum.com\/fr\/#website","url":"https:\/\/asselum.com\/fr\/","name":"asselum","description":"","potentialAction":[{"@type":"SearchAction","target":{"@type":"EntryPoint","urlTemplate":"https:\/\/asselum.com\/fr\/?s={search_term_string}"},"query-input":{"@type":"PropertyValueSpecification","valueRequired":true,"valueName":"search_term_string"}}],"inLanguage":"fr-FR"},{"@type":"Person","@id":"https:\/\/asselum.com\/fr\/#\/schema\/person\/9cdf64e83cf996ba0f2ec2b398a02091","name":"admin","image":{"@type":"ImageObject","inLanguage":"fr-FR","@id":"https:\/\/secure.gravatar.com\/avatar\/128ddaa8fd25bf4339cb192ade2a01e84e20a555b66442ee33957ea7b9aaca15?s=96&d=mm&r=g","url":"https:\/\/secure.gravatar.com\/avatar\/128ddaa8fd25bf4339cb192ade2a01e84e20a555b66442ee33957ea7b9aaca15?s=96&d=mm&r=g","contentUrl":"https:\/\/secure.gravatar.com\/avatar\/128ddaa8fd25bf4339cb192ade2a01e84e20a555b66442ee33957ea7b9aaca15?s=96&d=mm&r=g","caption":"admin"},"sameAs":["https:\/\/asselum.com"]}]}},"_links":{"self":[{"href":"https:\/\/asselum.com\/fr\/wp-json\/wp\/v2\/posts\/6440","targetHints":{"allow":["GET"]}}],"collection":[{"href":"https:\/\/asselum.com\/fr\/wp-json\/wp\/v2\/posts"}],"about":[{"href":"https:\/\/asselum.com\/fr\/wp-json\/wp\/v2\/types\/post"}],"author":[{"embeddable":true,"href":"https:\/\/asselum.com\/fr\/wp-json\/wp\/v2\/users\/1"}],"replies":[{"embeddable":true,"href":"https:\/\/asselum.com\/fr\/wp-json\/wp\/v2\/comments?post=6440"}],"version-history":[{"count":0,"href":"https:\/\/asselum.com\/fr\/wp-json\/wp\/v2\/posts\/6440\/revisions"}],"wp:attachment":[{"href":"https:\/\/asselum.com\/fr\/wp-json\/wp\/v2\/media?parent=6440"}],"wp:term":[{"taxonomy":"category","embeddable":true,"href":"https:\/\/asselum.com\/fr\/wp-json\/wp\/v2\/categories?post=6440"},{"taxonomy":"post_tag","embeddable":true,"href":"https:\/\/asselum.com\/fr\/wp-json\/wp\/v2\/tags?post=6440"}],"curies":[{"name":"wp","href":"https:\/\/api.w.org\/{rel}","templated":true}]}}