{"id":6388,"date":"2023-04-11T15:01:26","date_gmt":"2023-04-11T15:01:26","guid":{"rendered":"https:\/\/asselum.com\/asselum-assistera-foire-euroluce-nouveautes-matiere-declairage\/"},"modified":"2023-04-11T15:01:26","modified_gmt":"2023-04-11T15:01:26","slug":"asselum-assistera-foire-euroluce-nouveautes-matiere-declairage","status":"publish","type":"post","link":"https:\/\/asselum.com\/fr\/asselum-assistera-foire-euroluce-nouveautes-matiere-declairage\/","title":{"rendered":"Asselum assistera \u00e0 la foire Euroluce pour d\u00e9couvrir les nouveaut\u00e9s en mati\u00e8re d&rsquo;\u00e9clairage"},"content":{"rendered":"<p>[et_pb_section fb_built=\u00a0\u00bb1&Prime; admin_label=\u00a0\u00bbsection\u00a0\u00bb _builder_version=\u00a0\u00bb3.22&Prime;][et_pb_row admin_label=\u00a0\u00bbrow\u00a0\u00bb _builder_version=\u00a0\u00bb3.25&Prime; background_size=\u00a0\u00bbinitial\u00a0\u00bb background_position=\u00a0\u00bbtop_left\u00a0\u00bb background_repeat=\u00a0\u00bbrepeat\u00a0\u00bb][et_pb_column type=\u00a0\u00bb4_4&Prime; _builder_version=\u00a0\u00bb3.25&Prime; custom_padding=\u00a0\u00bb|||\u00a0\u00bb custom_padding__hover=\u00a0\u00bb|||\u00a0\u00bb][et_pb_code _builder_version=\u00a0\u00bb4.0.10&Prime;]<\/p>\n<div><!-- [et_pb_line_break_holder] --><!-- [et_pb_line_break_holder] --><\/p>\n<p class=\"lead\"><span style=\"font-size: 12pt;\">Dans ce contexte, <a style=\"color: #1e57a8;\" href=\"https:\/\/asselum.com\/fr\/\">Asselum<\/a> ne pouvait manquer l&rsquo;\u00e9v\u00e9nement Euroluce 2023 pour d\u00e9couvrir les nouveaut\u00e9s et les tendances en mati\u00e8re d&rsquo;\u00e9clairage, ainsi que pour \u00e9changer des id\u00e9es avec d&rsquo;autres professionnels du secteur.<\/span><\/p>\n<p><!-- [et_pb_line_break_holder] --><!-- [et_pb_line_break_holder] --><!-- [et_pb_line_break_holder] --> <!-- [et_pb_line_break_holder] --><!-- [et_pb_line_break_holder] --><\/p>\n<div style=\"background-color: rgba(30,87,168,0.2); padding-left: 10px; padding-top: 20px;\"><!-- [et_pb_line_break_holder] --><!-- [et_pb_line_break_holder] --><\/p>\n<h4 class=\"alert-heading\"><i class=\"fa fa-list\"> <\/i> \u00cdndice<\/h4>\n<p><!-- [et_pb_line_break_holder] --><!-- [et_pb_line_break_holder] --><!-- [et_pb_line_break_holder] --><!-- [et_pb_line_break_holder] --><!-- [et_pb_line_break_holder] --><\/p>\n<hr \/>\n<p><!-- [et_pb_line_break_holder] --><!-- [et_pb_line_break_holder] --><!-- [et_pb_line_break_holder] --><!-- [et_pb_line_break_holder] --><!-- [et_pb_line_break_holder] --><\/p>\n<ul><!-- [et_pb_line_break_holder] --><!-- [et_pb_line_break_holder] --> \t<\/p>\n<li><a class=\"scrollto\" href=\"#milano\">Salone del Mobile et Euroluce Milano 2023<\/a><!-- [et_pb_line_break_holder] --><!-- [et_pb_line_break_holder] -->\n<ul><!-- [et_pb_line_break_holder] --><!-- [et_pb_line_break_holder] --> \t<\/p>\n<li><a class=\"scrollto\" href=\"#euroluce\">Bienale Euroluce 2023<\/a><\/li>\n<p><!-- [et_pb_line_break_holder] --><!-- [et_pb_line_break_holder] --><!-- [et_pb_line_break_holder] --> \t<\/p>\n<li><a class=\"scrollto\" href=\"#innovation\">Innovation technologique et de l&rsquo;\u00e9clairage<\/a><\/li>\n<p><!-- [et_pb_line_break_holder] --><!-- [et_pb_line_break_holder] --><!-- [et_pb_line_break_holder] --> \t<\/p>\n<li><a class=\"scrollto\" href=\"#exposants\">Exposants internationaux<\/a><\/li>\n<p><!-- [et_pb_line_break_holder] --><!-- [et_pb_line_break_holder] --><\/ul>\n<p><!-- [et_pb_line_break_holder] --><!-- [et_pb_line_break_holder] --><\/li>\n<p><!-- [et_pb_line_break_holder] --><!-- [et_pb_line_break_holder] --><\/ul>\n<p><!-- [et_pb_line_break_holder] --><!-- [et_pb_line_break_holder] --><\/div>\n<p><!-- [et_pb_line_break_holder] --><!-- [et_pb_line_break_holder] --> <!-- [et_pb_line_break_holder] --><!-- [et_pb_line_break_holder] --><!-- [et_pb_line_break_holder] --><\/p>\n<div id=\"milano\"><!-- [et_pb_line_break_holder] --><!-- [et_pb_line_break_holder] --><\/p>\n<h2><span style=\"color: #f27d2e;\"><strong>Salone del Mobile et Euroluce Milano 2023<\/strong><\/span><\/h2>\n<p><!-- [et_pb_line_break_holder] --><!-- [et_pb_line_break_holder] --><!-- [et_pb_line_break_holder] --><\/p>\n<p class=\"lead\"><span style=\"font-size: 12pt;\">Le <a style=\"color: #1e57a8;\" href=\"https:\/\/www.salonemilano.it\/it\">Salone del Mobile et la bienale Euroluce<\/a> reviendront \u00e0 Milan du 18 au 23 avril 2023. Pour sa 61\u00e8me \u00e9dition, la foire se tiendra dans le quartier Fiera Milano de Rho et sera pr\u00e9sid\u00e9e par Maria Porro.<\/span><\/p>\n<p><!-- [et_pb_line_break_holder] --><!-- [et_pb_line_break_holder] --><!-- [et_pb_line_break_holder] --> <!-- [et_pb_line_break_holder] --><!-- [et_pb_line_break_holder] --><\/p>\n<div id=\"euroluce\"><!-- [et_pb_line_break_holder] --><!-- [et_pb_line_break_holder] --><\/p>\n<h3><span style=\"color: #1e57a8;\">Bienale Euroluce 2023<\/span><\/h3>\n<p><!-- [et_pb_line_break_holder] --><!-- [et_pb_line_break_holder] -->Euroluce, l&rsquo;\u00e9v\u00e9nement d\u00e9di\u00e9 au design d&rsquo;\u00e9clairage, revient \u00e0 la foire apr\u00e8s quatre ans d&rsquo;absence et r\u00e9unira les meilleures marques du secteur dans les pavillons de la foire.<!-- [et_pb_line_break_holder] --><!-- [et_pb_line_break_holder] --><!-- [et_pb_line_break_holder] --><\/div>\n<p><!-- [et_pb_line_break_holder] --><!-- [et_pb_line_break_holder] --> <!-- [et_pb_line_break_holder] --> <!-- [et_pb_line_break_holder] --><!-- [et_pb_line_break_holder] --><\/p>\n<div id=\"innovation\"><!-- [et_pb_line_break_holder] --><!-- [et_pb_line_break_holder] --><\/p>\n<h3><span style=\"color: #1e57a8;\">Innovation technologique et de l&rsquo;\u00e9clairage<\/span><\/h3>\n<p><!-- [et_pb_line_break_holder] --><!-- [et_pb_line_break_holder] -->Lors de la derni\u00e8re \u00e9dition, plus de 420 exposants, dont la moiti\u00e9 \u00e9taient \u00e9trangers, se sont r\u00e9unis et ont d\u00e9battu de l&rsquo;innovation technologique et de l&rsquo;\u00e9clairage, de l&rsquo;\u00e9cosustainability des luminaires et des sources de lumi\u00e8re, de l&rsquo;\u00e9conomie d&rsquo;\u00e9nergie et des logiciels les plus avanc\u00e9s, y compris la domotique et l&rsquo;IoT.<!-- [et_pb_line_break_holder] --><!-- [et_pb_line_break_holder] --><!-- [et_pb_line_break_holder] --><\/div>\n<p><!-- [et_pb_line_break_holder] --><!-- [et_pb_line_break_holder] --> <!-- [et_pb_line_break_holder] --> <!-- [et_pb_line_break_holder] --><!-- [et_pb_line_break_holder] --><\/p>\n<div id=\"exposants\"><!-- [et_pb_line_break_holder] --><!-- [et_pb_line_break_holder] --><\/p>\n<h3><span style=\"color: #1e57a8;\">Exposants internationaux<\/span><\/h3>\n<p><!-- [et_pb_line_break_holder] --><!-- [et_pb_line_break_holder] -->Le Salone del Mobile.Milano 2023 sera une occasion pour tout le secteur du design de se r\u00e9unir, de partager ses projets et de rencontrer la communaut\u00e9 internationale, en faisant le point sur l&rsquo;\u00e9tat de l&rsquo;art du secteur. De plus, comme \u00e0 chaque \u00e9dition, la foire sera accompagn\u00e9e d&rsquo;un programme culturel vari\u00e9 qui comprendra des invit\u00e9s sp\u00e9ciaux qui apporteront de nouvelles perspectives et des points de vue exclusifs sur le monde du design.<!-- [et_pb_line_break_holder] --><!-- [et_pb_line_break_holder] --><!-- [et_pb_line_break_holder] --><\/div>\n<p><!-- [et_pb_line_break_holder] --><!-- [et_pb_line_break_holder] --><!-- [et_pb_line_break_holder] --><\/div>\n<p><!-- [et_pb_line_break_holder] --><!-- [et_pb_line_break_holder] --> <!-- [et_pb_line_break_holder] --><!-- [et_pb_line_break_holder] --><\/p>\n<h4><strong> Si vous \u00eates int\u00e9ress\u00e9 \u00e0 en savoir plus sur <a style=\"color: #1e57a8;\" href=\"https:\/\/www.salonemilano.it\/it\/articoli\/insider\/euroluce-2023-city-lights\">Euroluce 2023<\/a>, nous vous proposons un article int\u00e9ressant sur la biennale de 2023.<\/strong><\/h4>\n<p><!-- [et_pb_line_break_holder] --><!-- [et_pb_line_break_holder] --><\/div>\n<p><!-- [et_pb_line_break_holder] -->[\/et_pb_code][\/et_pb_column][\/et_pb_row][\/et_pb_section]<\/p>\n","protected":false},"excerpt":{"rendered":"<p>Du 18 au 23 avril, Asselum sera pr\u00e9sent \u00e0 Euroluce. Il y aura des d\u00e9bats sur l&rsquo;innovation technologique, l&rsquo;\u00e9co-sustainability, l&rsquo;\u00e9conomie d&rsquo;\u00e9nergie et un programme culturel.<\/p>\n","protected":false},"author":1,"featured_media":0,"comment_status":"open","ping_status":"closed","sticky":false,"template":"","format":"standard","meta":{"footnotes":""},"categories":[68],"tags":[],"class_list":["post-6388","post","type-post","status-publish","format-standard","hentry","category-actualidad"],"yoast_head":"<!-- This site is optimized with the Yoast SEO plugin v27.4 - https:\/\/yoast.com\/product\/yoast-seo-wordpress\/ -->\n<title>Asselum assistera \u00e0 la foire Euroluce pour d\u00e9couvrir les nouveaut\u00e9s en mati\u00e8re d&#039;\u00e9clairage<\/title>\n<meta name=\"robots\" content=\"index, follow, max-snippet:-1, max-image-preview:large, max-video-preview:-1\" \/>\n<link rel=\"canonical\" href=\"https:\/\/asselum.com\/fr\/asselum-assistera-foire-euroluce-nouveautes-matiere-declairage\/\" \/>\n<meta property=\"og:locale\" content=\"fr_FR\" \/>\n<meta property=\"og:type\" content=\"article\" \/>\n<meta property=\"og:title\" content=\"Asselum assistera \u00e0 la foire Euroluce pour d\u00e9couvrir les nouveaut\u00e9s en mati\u00e8re d&#039;\u00e9clairage\" \/>\n<meta property=\"og:description\" content=\"Du 18 au 23 avril, Asselum sera pr\u00e9sent \u00e0 Euroluce. Il y aura des d\u00e9bats sur l&#039;innovation technologique, l&#039;\u00e9co-sustainability, l&#039;\u00e9conomie d&#039;\u00e9nergie et un programme culturel.\" \/>\n<meta property=\"og:url\" content=\"https:\/\/asselum.com\/fr\/asselum-assistera-foire-euroluce-nouveautes-matiere-declairage\/\" \/>\n<meta property=\"og:site_name\" content=\"asselum\" \/>\n<meta property=\"article:publisher\" content=\"https:\/\/www.facebook.com\/Asselum-luminotecnics-999846826722657\/\" \/>\n<meta property=\"article:published_time\" content=\"2023-04-11T15:01:26+00:00\" \/>\n<meta property=\"og:image\" content=\"https:\/\/asselum.com\/wp-content\/uploads\/asselum-salon.mobile-milano-euroluce-2023-FR-1024x625.jpg\" \/>\n<meta name=\"author\" content=\"admin\" \/>\n<meta name=\"twitter:card\" content=\"summary_large_image\" \/>\n<meta name=\"twitter:title\" content=\"Asselum assistera \u00e0 la foire Euroluce pour d\u00e9couvrir les nouveaut\u00e9s en mati\u00e8re d&#039;\u00e9clairage\" \/>\n<meta name=\"twitter:description\" content=\"Du 18 au 23 avril, Asselum sera pr\u00e9sent \u00e0 Euroluce. Il y aura des d\u00e9bats sur l&#039;innovation technologique, l&#039;\u00e9co-sustainability, l&#039;\u00e9conomie d&#039;\u00e9nergie et un programme culturel.\" \/>\n<meta name=\"twitter:image\" content=\"https:\/\/asselum.com\/wp-content\/uploads\/asselum-salon.mobile-milano-euroluce-2023-FR-1024x625.jpg\" \/>\n<meta name=\"twitter:label1\" content=\"\u00c9crit par\" \/>\n\t<meta name=\"twitter:data1\" content=\"admin\" \/>\n\t<meta name=\"twitter:label2\" content=\"Dur\u00e9e de lecture estim\u00e9e\" \/>\n\t<meta name=\"twitter:data2\" content=\"2 minutes\" \/>\n<script type=\"application\/ld+json\" class=\"yoast-schema-graph\">{\"@context\":\"https:\\\/\\\/schema.org\",\"@graph\":[{\"@type\":\"Article\",\"@id\":\"https:\\\/\\\/asselum.com\\\/fr\\\/asselum-assistera-foire-euroluce-nouveautes-matiere-declairage\\\/#article\",\"isPartOf\":{\"@id\":\"https:\\\/\\\/asselum.com\\\/fr\\\/asselum-assistera-foire-euroluce-nouveautes-matiere-declairage\\\/\"},\"author\":{\"name\":\"admin\",\"@id\":\"https:\\\/\\\/asselum.com\\\/fr\\\/#\\\/schema\\\/person\\\/9cdf64e83cf996ba0f2ec2b398a02091\"},\"headline\":\"Asselum assistera \u00e0 la foire Euroluce pour d\u00e9couvrir les nouveaut\u00e9s en mati\u00e8re d&rsquo;\u00e9clairage\",\"datePublished\":\"2023-04-11T15:01:26+00:00\",\"mainEntityOfPage\":{\"@id\":\"https:\\\/\\\/asselum.com\\\/fr\\\/asselum-assistera-foire-euroluce-nouveautes-matiere-declairage\\\/\"},\"wordCount\":371,\"commentCount\":0,\"articleSection\":[\"Actualidad\"],\"inLanguage\":\"fr-FR\",\"potentialAction\":[{\"@type\":\"CommentAction\",\"name\":\"Comment\",\"target\":[\"https:\\\/\\\/asselum.com\\\/fr\\\/asselum-assistera-foire-euroluce-nouveautes-matiere-declairage\\\/#respond\"]}]},{\"@type\":\"WebPage\",\"@id\":\"https:\\\/\\\/asselum.com\\\/fr\\\/asselum-assistera-foire-euroluce-nouveautes-matiere-declairage\\\/\",\"url\":\"https:\\\/\\\/asselum.com\\\/fr\\\/asselum-assistera-foire-euroluce-nouveautes-matiere-declairage\\\/\",\"name\":\"Asselum assistera \u00e0 la foire Euroluce pour d\u00e9couvrir les nouveaut\u00e9s en mati\u00e8re d'\u00e9clairage\",\"isPartOf\":{\"@id\":\"https:\\\/\\\/asselum.com\\\/fr\\\/#website\"},\"datePublished\":\"2023-04-11T15:01:26+00:00\",\"author\":{\"@id\":\"https:\\\/\\\/asselum.com\\\/fr\\\/#\\\/schema\\\/person\\\/9cdf64e83cf996ba0f2ec2b398a02091\"},\"breadcrumb\":{\"@id\":\"https:\\\/\\\/asselum.com\\\/fr\\\/asselum-assistera-foire-euroluce-nouveautes-matiere-declairage\\\/#breadcrumb\"},\"inLanguage\":\"fr-FR\",\"potentialAction\":[{\"@type\":\"ReadAction\",\"target\":[\"https:\\\/\\\/asselum.com\\\/fr\\\/asselum-assistera-foire-euroluce-nouveautes-matiere-declairage\\\/\"]}]},{\"@type\":\"BreadcrumbList\",\"@id\":\"https:\\\/\\\/asselum.com\\\/fr\\\/asselum-assistera-foire-euroluce-nouveautes-matiere-declairage\\\/#breadcrumb\",\"itemListElement\":[{\"@type\":\"ListItem\",\"position\":1,\"name\":\"Home\",\"item\":\"https:\\\/\\\/asselum.com\\\/fr\\\/\"},{\"@type\":\"ListItem\",\"position\":2,\"name\":\"Asselum assistera \u00e0 la foire Euroluce pour d\u00e9couvrir les nouveaut\u00e9s en mati\u00e8re d&#8217;\u00e9clairage\"}]},{\"@type\":\"WebSite\",\"@id\":\"https:\\\/\\\/asselum.com\\\/fr\\\/#website\",\"url\":\"https:\\\/\\\/asselum.com\\\/fr\\\/\",\"name\":\"asselum\",\"description\":\"\",\"potentialAction\":[{\"@type\":\"SearchAction\",\"target\":{\"@type\":\"EntryPoint\",\"urlTemplate\":\"https:\\\/\\\/asselum.com\\\/fr\\\/?s={search_term_string}\"},\"query-input\":{\"@type\":\"PropertyValueSpecification\",\"valueRequired\":true,\"valueName\":\"search_term_string\"}}],\"inLanguage\":\"fr-FR\"},{\"@type\":\"Person\",\"@id\":\"https:\\\/\\\/asselum.com\\\/fr\\\/#\\\/schema\\\/person\\\/9cdf64e83cf996ba0f2ec2b398a02091\",\"name\":\"admin\",\"image\":{\"@type\":\"ImageObject\",\"inLanguage\":\"fr-FR\",\"@id\":\"https:\\\/\\\/secure.gravatar.com\\\/avatar\\\/128ddaa8fd25bf4339cb192ade2a01e84e20a555b66442ee33957ea7b9aaca15?s=96&d=mm&r=g\",\"url\":\"https:\\\/\\\/secure.gravatar.com\\\/avatar\\\/128ddaa8fd25bf4339cb192ade2a01e84e20a555b66442ee33957ea7b9aaca15?s=96&d=mm&r=g\",\"contentUrl\":\"https:\\\/\\\/secure.gravatar.com\\\/avatar\\\/128ddaa8fd25bf4339cb192ade2a01e84e20a555b66442ee33957ea7b9aaca15?s=96&d=mm&r=g\",\"caption\":\"admin\"},\"sameAs\":[\"https:\\\/\\\/asselum.com\"]}]}<\/script>\n<!-- \/ Yoast SEO plugin. -->","yoast_head_json":{"title":"Asselum assistera \u00e0 la foire Euroluce pour d\u00e9couvrir les nouveaut\u00e9s en mati\u00e8re d'\u00e9clairage","robots":{"index":"index","follow":"follow","max-snippet":"max-snippet:-1","max-image-preview":"max-image-preview:large","max-video-preview":"max-video-preview:-1"},"canonical":"https:\/\/asselum.com\/fr\/asselum-assistera-foire-euroluce-nouveautes-matiere-declairage\/","og_locale":"fr_FR","og_type":"article","og_title":"Asselum assistera \u00e0 la foire Euroluce pour d\u00e9couvrir les nouveaut\u00e9s en mati\u00e8re d'\u00e9clairage","og_description":"Du 18 au 23 avril, Asselum sera pr\u00e9sent \u00e0 Euroluce. Il y aura des d\u00e9bats sur l'innovation technologique, l'\u00e9co-sustainability, l'\u00e9conomie d'\u00e9nergie et un programme culturel.","og_url":"https:\/\/asselum.com\/fr\/asselum-assistera-foire-euroluce-nouveautes-matiere-declairage\/","og_site_name":"asselum","article_publisher":"https:\/\/www.facebook.com\/Asselum-luminotecnics-999846826722657\/","article_published_time":"2023-04-11T15:01:26+00:00","og_image":[{"url":"https:\/\/asselum.com\/wp-content\/uploads\/asselum-salon.mobile-milano-euroluce-2023-FR-1024x625.jpg","type":"","width":"","height":""}],"author":"admin","twitter_card":"summary_large_image","twitter_title":"Asselum assistera \u00e0 la foire Euroluce pour d\u00e9couvrir les nouveaut\u00e9s en mati\u00e8re d'\u00e9clairage","twitter_description":"Du 18 au 23 avril, Asselum sera pr\u00e9sent \u00e0 Euroluce. Il y aura des d\u00e9bats sur l'innovation technologique, l'\u00e9co-sustainability, l'\u00e9conomie d'\u00e9nergie et un programme culturel.","twitter_image":"https:\/\/asselum.com\/wp-content\/uploads\/asselum-salon.mobile-milano-euroluce-2023-FR-1024x625.jpg","twitter_misc":{"\u00c9crit par":"admin","Dur\u00e9e de lecture estim\u00e9e":"2 minutes"},"schema":{"@context":"https:\/\/schema.org","@graph":[{"@type":"Article","@id":"https:\/\/asselum.com\/fr\/asselum-assistera-foire-euroluce-nouveautes-matiere-declairage\/#article","isPartOf":{"@id":"https:\/\/asselum.com\/fr\/asselum-assistera-foire-euroluce-nouveautes-matiere-declairage\/"},"author":{"name":"admin","@id":"https:\/\/asselum.com\/fr\/#\/schema\/person\/9cdf64e83cf996ba0f2ec2b398a02091"},"headline":"Asselum assistera \u00e0 la foire Euroluce pour d\u00e9couvrir les nouveaut\u00e9s en mati\u00e8re d&rsquo;\u00e9clairage","datePublished":"2023-04-11T15:01:26+00:00","mainEntityOfPage":{"@id":"https:\/\/asselum.com\/fr\/asselum-assistera-foire-euroluce-nouveautes-matiere-declairage\/"},"wordCount":371,"commentCount":0,"articleSection":["Actualidad"],"inLanguage":"fr-FR","potentialAction":[{"@type":"CommentAction","name":"Comment","target":["https:\/\/asselum.com\/fr\/asselum-assistera-foire-euroluce-nouveautes-matiere-declairage\/#respond"]}]},{"@type":"WebPage","@id":"https:\/\/asselum.com\/fr\/asselum-assistera-foire-euroluce-nouveautes-matiere-declairage\/","url":"https:\/\/asselum.com\/fr\/asselum-assistera-foire-euroluce-nouveautes-matiere-declairage\/","name":"Asselum assistera \u00e0 la foire Euroluce pour d\u00e9couvrir les nouveaut\u00e9s en mati\u00e8re d'\u00e9clairage","isPartOf":{"@id":"https:\/\/asselum.com\/fr\/#website"},"datePublished":"2023-04-11T15:01:26+00:00","author":{"@id":"https:\/\/asselum.com\/fr\/#\/schema\/person\/9cdf64e83cf996ba0f2ec2b398a02091"},"breadcrumb":{"@id":"https:\/\/asselum.com\/fr\/asselum-assistera-foire-euroluce-nouveautes-matiere-declairage\/#breadcrumb"},"inLanguage":"fr-FR","potentialAction":[{"@type":"ReadAction","target":["https:\/\/asselum.com\/fr\/asselum-assistera-foire-euroluce-nouveautes-matiere-declairage\/"]}]},{"@type":"BreadcrumbList","@id":"https:\/\/asselum.com\/fr\/asselum-assistera-foire-euroluce-nouveautes-matiere-declairage\/#breadcrumb","itemListElement":[{"@type":"ListItem","position":1,"name":"Home","item":"https:\/\/asselum.com\/fr\/"},{"@type":"ListItem","position":2,"name":"Asselum assistera \u00e0 la foire Euroluce pour d\u00e9couvrir les nouveaut\u00e9s en mati\u00e8re d&#8217;\u00e9clairage"}]},{"@type":"WebSite","@id":"https:\/\/asselum.com\/fr\/#website","url":"https:\/\/asselum.com\/fr\/","name":"asselum","description":"","potentialAction":[{"@type":"SearchAction","target":{"@type":"EntryPoint","urlTemplate":"https:\/\/asselum.com\/fr\/?s={search_term_string}"},"query-input":{"@type":"PropertyValueSpecification","valueRequired":true,"valueName":"search_term_string"}}],"inLanguage":"fr-FR"},{"@type":"Person","@id":"https:\/\/asselum.com\/fr\/#\/schema\/person\/9cdf64e83cf996ba0f2ec2b398a02091","name":"admin","image":{"@type":"ImageObject","inLanguage":"fr-FR","@id":"https:\/\/secure.gravatar.com\/avatar\/128ddaa8fd25bf4339cb192ade2a01e84e20a555b66442ee33957ea7b9aaca15?s=96&d=mm&r=g","url":"https:\/\/secure.gravatar.com\/avatar\/128ddaa8fd25bf4339cb192ade2a01e84e20a555b66442ee33957ea7b9aaca15?s=96&d=mm&r=g","contentUrl":"https:\/\/secure.gravatar.com\/avatar\/128ddaa8fd25bf4339cb192ade2a01e84e20a555b66442ee33957ea7b9aaca15?s=96&d=mm&r=g","caption":"admin"},"sameAs":["https:\/\/asselum.com"]}]}},"_links":{"self":[{"href":"https:\/\/asselum.com\/fr\/wp-json\/wp\/v2\/posts\/6388","targetHints":{"allow":["GET"]}}],"collection":[{"href":"https:\/\/asselum.com\/fr\/wp-json\/wp\/v2\/posts"}],"about":[{"href":"https:\/\/asselum.com\/fr\/wp-json\/wp\/v2\/types\/post"}],"author":[{"embeddable":true,"href":"https:\/\/asselum.com\/fr\/wp-json\/wp\/v2\/users\/1"}],"replies":[{"embeddable":true,"href":"https:\/\/asselum.com\/fr\/wp-json\/wp\/v2\/comments?post=6388"}],"version-history":[{"count":0,"href":"https:\/\/asselum.com\/fr\/wp-json\/wp\/v2\/posts\/6388\/revisions"}],"wp:attachment":[{"href":"https:\/\/asselum.com\/fr\/wp-json\/wp\/v2\/media?parent=6388"}],"wp:term":[{"taxonomy":"category","embeddable":true,"href":"https:\/\/asselum.com\/fr\/wp-json\/wp\/v2\/categories?post=6388"},{"taxonomy":"post_tag","embeddable":true,"href":"https:\/\/asselum.com\/fr\/wp-json\/wp\/v2\/tags?post=6388"}],"curies":[{"name":"wp","href":"https:\/\/api.w.org\/{rel}","templated":true}]}}