{"id":6247,"date":"2022-05-31T11:17:48","date_gmt":"2022-05-31T11:17:48","guid":{"rendered":"https:\/\/asselum.com\/jour-nouvelles-reglementations-lumiere-interieure-reglementations\/"},"modified":"2022-05-31T11:17:48","modified_gmt":"2022-05-31T11:17:48","slug":"jour-nouvelles-reglementations-lumiere-interieure-reglementations","status":"publish","type":"post","link":"https:\/\/asselum.com\/fr\/jour-nouvelles-reglementations-lumiere-interieure-reglementations\/","title":{"rendered":"Conf\u00e9rence sur la nouvelle norme UNE 12464-1:2022 relative \u00e0 l&rsquo;\u00e9clairage des espaces de travail int\u00e9rieurs."},"content":{"rendered":"<p>L&rsquo;\u00e9clairage des lieux de travail est l&rsquo;un des crit\u00e8res fondamentaux pour garantir des conditions s\u00fbres et hygi\u00e9niques dans l&rsquo;environnement de travail. Cela a \u00e9t\u00e9 pris en compte depuis des d\u00e9cennies, pour assurer le confort et les performances optiques pour les t\u00e2ches visuelles de routine et pour les \u00e9crans d&rsquo;ordinateur.<\/p>\n<p>La mise \u00e0 <strong>jour de cette r\u00e9glementation<\/strong> affecte les acteurs du secteur de l&rsquo;\u00e9clairage (fabricants de luminaires, concepteurs, laboratoires&#8230;) de diff\u00e9rentes mani\u00e8res et peut entra\u00eener des changements dans la fa\u00e7on d&rsquo;aborder les projets, de concevoir les produits et, par cons\u00e9quent, une am\u00e9lioration des conditions d&rsquo;\u00e9clairage pour les utilisateurs.<\/p>\n<h2 style=\"text-align: center;\"><span style=\"color: #1e57a8;\"><strong>Une nouvelle journ\u00e9e d&rsquo;information aura lieu le 7 mai : Nouvelle norme UNE pour l&rsquo;\u00e9clairage des lieux de travail int\u00e9rieurs (UNE 12464-1:2022).<\/strong><\/span><\/h2>\n<p>Elle aura lieu \u00e0 17h dans l&rsquo;Auditorium du <a href=\"https:\/\/www.eic.cat\/\">Col-legi Oficial d&rsquo;Enginyers Industrials de Catalunya<\/a> (Via Laietana, 39, 08003 Barcelona), avec une dur\u00e9e approximative de 1h 30&prime;. Le m\u00eame \u00e9v\u00e9nement aura lieu \u00e0 Madrid dans les semaines suivantes. Nous vous tiendrons inform\u00e9s de la date et du lieu prochainement.<\/p>\n<p>Il expliquera les aspects les plus importants de l&rsquo;am\u00e9nagement des lieux de travail, ainsi que les nouveaut\u00e9s les plus importantes de la nouvelle r\u00e9glementation : la prise en compte des singularit\u00e9s de la technologie LED, les nouvelles conditions de prise en compte de l&rsquo;\u00e9blouissement, les effets du papillotement et la r\u00e9vision des diff\u00e9rents tableaux.<\/p>\n<p>Intervenants : Manuel Garc\u00eda Gil, responsable du Grup de Treball d&rsquo;Il-luminaci\u00f3 dels Enginyers Industrials de Catalunya ; Ricardo Pomatta Guti\u00e9rrez, secr\u00e9taire du CTN 72 et directeur technique d&rsquo;ANFALUM ; Aitor Arag\u00f3n Basabe, coordinateur des comit\u00e9s techniques de normalisation de l&rsquo;UNE ; Carlos Sierra Garriga, professeur \u00e0 l&rsquo;Universitat Polit\u00e8cnica de Catalunya et d\u00e9l\u00e9gu\u00e9 en Catalogne du Comit\u00e9 espagnol de l&rsquo;\u00e9clairage ; Mois\u00e9s Domingo Garc\u00eda, pr\u00e9sident du CTN 72. Directeur g\u00e9n\u00e9ral LUXINTEC et Marc Ballb\u00e9, membre du CTN 72 et directeur technique d&rsquo;Asselum Luminot\u00e8cnics S.L.<\/p>\n<table style=\"height: 75px; width: 100.572%;\">\n<tbody>\n<tr style=\"height: 75px;\">\n<td style=\"height: 75px; text-align: center; width: 100%;\"><span style=\"font-size: 12pt;\">Pour assister \u00e0 la conf\u00e9rence en ligne ou en personne \u00e0 Barcelone, <a href=\"https:\/\/www.eic.cat\/jornades\/1125058?utm_medium=email&#038;utm_campaign=nova%20norma%20une%20d%27il%B7luminacio%20en%20llocs%20de%20treball%20interiors%20(une-en%2012464-1:2022)%20(07\/06)&#038;utm_source=jornadestecniques@mail.eic.cat&#038;id_mail=59804457\">inscrivez-vous ici<\/a>, et bient\u00f4t aussi \u00e0 Madrid!<\/span><\/td>\n<\/tr>\n<\/tbody>\n<\/table>\n<h3 style=\"text-align: left;\"><span style=\"color: #1e57a8;\"><b>Vous avez besoin d&rsquo;une formation technique en \u00e9clairage ? D\u00e9couvrez nos cours personnalis\u00e9s<\/b><\/span><\/h3>\n<p><span style=\"font-weight: 400;\">Notre reconnaissance en tant que laboratoire avec<strong> l&rsquo;accr\u00e9ditation ENAC n\u00b0 1321\/LE2474<\/strong> selon la norme <strong>ISO 17025<\/strong>, ainsi que notre exp\u00e9rience de plus de 20 ans dans le secteur, nous permettent d&rsquo;offrir une connaissance approfondie de l&rsquo;\u00e9clairage technique. <\/span><\/p>\n<p>Nous connaissons parfaitement tous les processus et les exigences li\u00e9s \u00e0 la r\u00e9alisation de projets d&rsquo;\u00e9clairage. C&rsquo;est pourquoi nous vous proposons une <a href=\"https:\/\/asselum.com\/fr\/formation\/\">formation sur mesure<\/a> pour votre entreprise \u00e0 travers diff\u00e9rents cours sur la technologie de l&rsquo;\u00e9clairage, les essais photom\u00e9triques et les \u00e9tudes d&rsquo;\u00e9clairage. Pour plus d&rsquo;informations, veuillez nous <a href=\"https:\/\/asselum.com\/fr\/contact\/\">contacter<\/a>.<\/p>\n","protected":false},"excerpt":{"rendered":"<p>L&rsquo;\u00e9clairage des lieux de travail est l&rsquo;un des crit\u00e8res fondamentaux  [&#8230;]<\/p>\n","protected":false},"author":1,"featured_media":0,"comment_status":"open","ping_status":"closed","sticky":false,"template":"","format":"standard","meta":{"footnotes":""},"categories":[68],"tags":[],"class_list":["post-6247","post","type-post","status-publish","format-standard","hentry","category-actualidad"],"yoast_head":"<!-- This site is optimized with the Yoast SEO plugin v27.4 - https:\/\/yoast.com\/product\/yoast-seo-wordpress\/ -->\n<title>Conf\u00e9rence sur la nouvelle norme UNE 12464-1:2022 relative \u00e0 l&#039;\u00e9clairage des espaces de travail int\u00e9rieurs.<\/title>\n<meta name=\"robots\" content=\"index, follow, max-snippet:-1, max-image-preview:large, max-video-preview:-1\" \/>\n<link rel=\"canonical\" href=\"https:\/\/asselum.com\/fr\/jour-nouvelles-reglementations-lumiere-interieure-reglementations\/\" \/>\n<meta property=\"og:locale\" content=\"fr_FR\" \/>\n<meta property=\"og:type\" content=\"article\" \/>\n<meta property=\"og:title\" content=\"Conf\u00e9rence sur la nouvelle norme UNE 12464-1:2022 relative \u00e0 l&#039;\u00e9clairage des espaces de travail int\u00e9rieurs.\" \/>\n<meta property=\"og:description\" content=\"L&rsquo;\u00e9clairage des lieux de travail est l&rsquo;un des crit\u00e8res fondamentaux [...]\" \/>\n<meta property=\"og:url\" content=\"https:\/\/asselum.com\/fr\/jour-nouvelles-reglementations-lumiere-interieure-reglementations\/\" \/>\n<meta property=\"og:site_name\" content=\"asselum\" \/>\n<meta property=\"article:publisher\" content=\"https:\/\/www.facebook.com\/Asselum-luminotecnics-999846826722657\/\" \/>\n<meta property=\"article:published_time\" content=\"2022-05-31T11:17:48+00:00\" \/>\n<meta property=\"og:image\" content=\"https:\/\/asselum.com\/wp-content\/uploads\/2025\/12\/shutterstock_238420981.jpg\" \/>\n\t<meta property=\"og:image:width\" content=\"1\" \/>\n\t<meta property=\"og:image:height\" content=\"1\" \/>\n\t<meta property=\"og:image:type\" content=\"image\/jpeg\" \/>\n<meta name=\"author\" content=\"admin\" \/>\n<meta name=\"twitter:card\" content=\"summary_large_image\" \/>\n<meta name=\"twitter:label1\" content=\"\u00c9crit par\" \/>\n\t<meta name=\"twitter:data1\" content=\"admin\" \/>\n\t<meta name=\"twitter:label2\" content=\"Dur\u00e9e de lecture estim\u00e9e\" \/>\n\t<meta name=\"twitter:data2\" content=\"2 minutes\" \/>\n<script type=\"application\/ld+json\" class=\"yoast-schema-graph\">{\"@context\":\"https:\\\/\\\/schema.org\",\"@graph\":[{\"@type\":\"Article\",\"@id\":\"https:\\\/\\\/asselum.com\\\/fr\\\/jour-nouvelles-reglementations-lumiere-interieure-reglementations\\\/#article\",\"isPartOf\":{\"@id\":\"https:\\\/\\\/asselum.com\\\/fr\\\/jour-nouvelles-reglementations-lumiere-interieure-reglementations\\\/\"},\"author\":{\"name\":\"admin\",\"@id\":\"https:\\\/\\\/asselum.com\\\/fr\\\/#\\\/schema\\\/person\\\/9cdf64e83cf996ba0f2ec2b398a02091\"},\"headline\":\"Conf\u00e9rence sur la nouvelle norme UNE 12464-1:2022 relative \u00e0 l&rsquo;\u00e9clairage des espaces de travail int\u00e9rieurs.\",\"datePublished\":\"2022-05-31T11:17:48+00:00\",\"mainEntityOfPage\":{\"@id\":\"https:\\\/\\\/asselum.com\\\/fr\\\/jour-nouvelles-reglementations-lumiere-interieure-reglementations\\\/\"},\"wordCount\":491,\"commentCount\":0,\"articleSection\":[\"Actualidad\"],\"inLanguage\":\"fr-FR\",\"potentialAction\":[{\"@type\":\"CommentAction\",\"name\":\"Comment\",\"target\":[\"https:\\\/\\\/asselum.com\\\/fr\\\/jour-nouvelles-reglementations-lumiere-interieure-reglementations\\\/#respond\"]}]},{\"@type\":\"WebPage\",\"@id\":\"https:\\\/\\\/asselum.com\\\/fr\\\/jour-nouvelles-reglementations-lumiere-interieure-reglementations\\\/\",\"url\":\"https:\\\/\\\/asselum.com\\\/fr\\\/jour-nouvelles-reglementations-lumiere-interieure-reglementations\\\/\",\"name\":\"Conf\u00e9rence sur la nouvelle norme UNE 12464-1:2022 relative \u00e0 l'\u00e9clairage des espaces de travail int\u00e9rieurs.\",\"isPartOf\":{\"@id\":\"https:\\\/\\\/asselum.com\\\/fr\\\/#website\"},\"datePublished\":\"2022-05-31T11:17:48+00:00\",\"author\":{\"@id\":\"https:\\\/\\\/asselum.com\\\/fr\\\/#\\\/schema\\\/person\\\/9cdf64e83cf996ba0f2ec2b398a02091\"},\"breadcrumb\":{\"@id\":\"https:\\\/\\\/asselum.com\\\/fr\\\/jour-nouvelles-reglementations-lumiere-interieure-reglementations\\\/#breadcrumb\"},\"inLanguage\":\"fr-FR\",\"potentialAction\":[{\"@type\":\"ReadAction\",\"target\":[\"https:\\\/\\\/asselum.com\\\/fr\\\/jour-nouvelles-reglementations-lumiere-interieure-reglementations\\\/\"]}]},{\"@type\":\"BreadcrumbList\",\"@id\":\"https:\\\/\\\/asselum.com\\\/fr\\\/jour-nouvelles-reglementations-lumiere-interieure-reglementations\\\/#breadcrumb\",\"itemListElement\":[{\"@type\":\"ListItem\",\"position\":1,\"name\":\"Home\",\"item\":\"https:\\\/\\\/asselum.com\\\/fr\\\/\"},{\"@type\":\"ListItem\",\"position\":2,\"name\":\"Conf\u00e9rence sur la nouvelle norme UNE 12464-1:2022 relative \u00e0 l&#8217;\u00e9clairage des espaces de travail int\u00e9rieurs.\"}]},{\"@type\":\"WebSite\",\"@id\":\"https:\\\/\\\/asselum.com\\\/fr\\\/#website\",\"url\":\"https:\\\/\\\/asselum.com\\\/fr\\\/\",\"name\":\"asselum\",\"description\":\"\",\"potentialAction\":[{\"@type\":\"SearchAction\",\"target\":{\"@type\":\"EntryPoint\",\"urlTemplate\":\"https:\\\/\\\/asselum.com\\\/fr\\\/?s={search_term_string}\"},\"query-input\":{\"@type\":\"PropertyValueSpecification\",\"valueRequired\":true,\"valueName\":\"search_term_string\"}}],\"inLanguage\":\"fr-FR\"},{\"@type\":\"Person\",\"@id\":\"https:\\\/\\\/asselum.com\\\/fr\\\/#\\\/schema\\\/person\\\/9cdf64e83cf996ba0f2ec2b398a02091\",\"name\":\"admin\",\"image\":{\"@type\":\"ImageObject\",\"inLanguage\":\"fr-FR\",\"@id\":\"https:\\\/\\\/secure.gravatar.com\\\/avatar\\\/128ddaa8fd25bf4339cb192ade2a01e84e20a555b66442ee33957ea7b9aaca15?s=96&d=mm&r=g\",\"url\":\"https:\\\/\\\/secure.gravatar.com\\\/avatar\\\/128ddaa8fd25bf4339cb192ade2a01e84e20a555b66442ee33957ea7b9aaca15?s=96&d=mm&r=g\",\"contentUrl\":\"https:\\\/\\\/secure.gravatar.com\\\/avatar\\\/128ddaa8fd25bf4339cb192ade2a01e84e20a555b66442ee33957ea7b9aaca15?s=96&d=mm&r=g\",\"caption\":\"admin\"},\"sameAs\":[\"https:\\\/\\\/asselum.com\"]}]}<\/script>\n<!-- \/ Yoast SEO plugin. -->","yoast_head_json":{"title":"Conf\u00e9rence sur la nouvelle norme UNE 12464-1:2022 relative \u00e0 l'\u00e9clairage des espaces de travail int\u00e9rieurs.","robots":{"index":"index","follow":"follow","max-snippet":"max-snippet:-1","max-image-preview":"max-image-preview:large","max-video-preview":"max-video-preview:-1"},"canonical":"https:\/\/asselum.com\/fr\/jour-nouvelles-reglementations-lumiere-interieure-reglementations\/","og_locale":"fr_FR","og_type":"article","og_title":"Conf\u00e9rence sur la nouvelle norme UNE 12464-1:2022 relative \u00e0 l'\u00e9clairage des espaces de travail int\u00e9rieurs.","og_description":"L&rsquo;\u00e9clairage des lieux de travail est l&rsquo;un des crit\u00e8res fondamentaux [...]","og_url":"https:\/\/asselum.com\/fr\/jour-nouvelles-reglementations-lumiere-interieure-reglementations\/","og_site_name":"asselum","article_publisher":"https:\/\/www.facebook.com\/Asselum-luminotecnics-999846826722657\/","article_published_time":"2022-05-31T11:17:48+00:00","og_image":[{"url":"https:\/\/asselum.com\/wp-content\/uploads\/2025\/12\/shutterstock_238420981.jpg","width":1,"height":1,"type":"image\/jpeg"}],"author":"admin","twitter_card":"summary_large_image","twitter_misc":{"\u00c9crit par":"admin","Dur\u00e9e de lecture estim\u00e9e":"2 minutes"},"schema":{"@context":"https:\/\/schema.org","@graph":[{"@type":"Article","@id":"https:\/\/asselum.com\/fr\/jour-nouvelles-reglementations-lumiere-interieure-reglementations\/#article","isPartOf":{"@id":"https:\/\/asselum.com\/fr\/jour-nouvelles-reglementations-lumiere-interieure-reglementations\/"},"author":{"name":"admin","@id":"https:\/\/asselum.com\/fr\/#\/schema\/person\/9cdf64e83cf996ba0f2ec2b398a02091"},"headline":"Conf\u00e9rence sur la nouvelle norme UNE 12464-1:2022 relative \u00e0 l&rsquo;\u00e9clairage des espaces de travail int\u00e9rieurs.","datePublished":"2022-05-31T11:17:48+00:00","mainEntityOfPage":{"@id":"https:\/\/asselum.com\/fr\/jour-nouvelles-reglementations-lumiere-interieure-reglementations\/"},"wordCount":491,"commentCount":0,"articleSection":["Actualidad"],"inLanguage":"fr-FR","potentialAction":[{"@type":"CommentAction","name":"Comment","target":["https:\/\/asselum.com\/fr\/jour-nouvelles-reglementations-lumiere-interieure-reglementations\/#respond"]}]},{"@type":"WebPage","@id":"https:\/\/asselum.com\/fr\/jour-nouvelles-reglementations-lumiere-interieure-reglementations\/","url":"https:\/\/asselum.com\/fr\/jour-nouvelles-reglementations-lumiere-interieure-reglementations\/","name":"Conf\u00e9rence sur la nouvelle norme UNE 12464-1:2022 relative \u00e0 l'\u00e9clairage des espaces de travail int\u00e9rieurs.","isPartOf":{"@id":"https:\/\/asselum.com\/fr\/#website"},"datePublished":"2022-05-31T11:17:48+00:00","author":{"@id":"https:\/\/asselum.com\/fr\/#\/schema\/person\/9cdf64e83cf996ba0f2ec2b398a02091"},"breadcrumb":{"@id":"https:\/\/asselum.com\/fr\/jour-nouvelles-reglementations-lumiere-interieure-reglementations\/#breadcrumb"},"inLanguage":"fr-FR","potentialAction":[{"@type":"ReadAction","target":["https:\/\/asselum.com\/fr\/jour-nouvelles-reglementations-lumiere-interieure-reglementations\/"]}]},{"@type":"BreadcrumbList","@id":"https:\/\/asselum.com\/fr\/jour-nouvelles-reglementations-lumiere-interieure-reglementations\/#breadcrumb","itemListElement":[{"@type":"ListItem","position":1,"name":"Home","item":"https:\/\/asselum.com\/fr\/"},{"@type":"ListItem","position":2,"name":"Conf\u00e9rence sur la nouvelle norme UNE 12464-1:2022 relative \u00e0 l&#8217;\u00e9clairage des espaces de travail int\u00e9rieurs."}]},{"@type":"WebSite","@id":"https:\/\/asselum.com\/fr\/#website","url":"https:\/\/asselum.com\/fr\/","name":"asselum","description":"","potentialAction":[{"@type":"SearchAction","target":{"@type":"EntryPoint","urlTemplate":"https:\/\/asselum.com\/fr\/?s={search_term_string}"},"query-input":{"@type":"PropertyValueSpecification","valueRequired":true,"valueName":"search_term_string"}}],"inLanguage":"fr-FR"},{"@type":"Person","@id":"https:\/\/asselum.com\/fr\/#\/schema\/person\/9cdf64e83cf996ba0f2ec2b398a02091","name":"admin","image":{"@type":"ImageObject","inLanguage":"fr-FR","@id":"https:\/\/secure.gravatar.com\/avatar\/128ddaa8fd25bf4339cb192ade2a01e84e20a555b66442ee33957ea7b9aaca15?s=96&d=mm&r=g","url":"https:\/\/secure.gravatar.com\/avatar\/128ddaa8fd25bf4339cb192ade2a01e84e20a555b66442ee33957ea7b9aaca15?s=96&d=mm&r=g","contentUrl":"https:\/\/secure.gravatar.com\/avatar\/128ddaa8fd25bf4339cb192ade2a01e84e20a555b66442ee33957ea7b9aaca15?s=96&d=mm&r=g","caption":"admin"},"sameAs":["https:\/\/asselum.com"]}]}},"_links":{"self":[{"href":"https:\/\/asselum.com\/fr\/wp-json\/wp\/v2\/posts\/6247","targetHints":{"allow":["GET"]}}],"collection":[{"href":"https:\/\/asselum.com\/fr\/wp-json\/wp\/v2\/posts"}],"about":[{"href":"https:\/\/asselum.com\/fr\/wp-json\/wp\/v2\/types\/post"}],"author":[{"embeddable":true,"href":"https:\/\/asselum.com\/fr\/wp-json\/wp\/v2\/users\/1"}],"replies":[{"embeddable":true,"href":"https:\/\/asselum.com\/fr\/wp-json\/wp\/v2\/comments?post=6247"}],"version-history":[{"count":0,"href":"https:\/\/asselum.com\/fr\/wp-json\/wp\/v2\/posts\/6247\/revisions"}],"wp:attachment":[{"href":"https:\/\/asselum.com\/fr\/wp-json\/wp\/v2\/media?parent=6247"}],"wp:term":[{"taxonomy":"category","embeddable":true,"href":"https:\/\/asselum.com\/fr\/wp-json\/wp\/v2\/categories?post=6247"},{"taxonomy":"post_tag","embeddable":true,"href":"https:\/\/asselum.com\/fr\/wp-json\/wp\/v2\/tags?post=6247"}],"curies":[{"name":"wp","href":"https:\/\/api.w.org\/{rel}","templated":true}]}}