{"id":6007,"date":"2019-11-11T11:55:12","date_gmt":"2019-11-11T11:55:12","guid":{"rendered":"https:\/\/asselum.com\/rabais-sur-les-spectrometres-et-les-indicateurs-de-flicker-sur-asselum-black-friday\/"},"modified":"2019-11-11T11:55:12","modified_gmt":"2019-11-11T11:55:12","slug":"rabais-sur-les-spectrometres-et-les-indicateurs-de-flicker-sur-asselum-black-friday","status":"publish","type":"post","link":"https:\/\/asselum.com\/fr\/rabais-sur-les-spectrometres-et-les-indicateurs-de-flicker-sur-asselum-black-friday\/","title":{"rendered":"Rabais sur les spectrom\u00e8tres et les indicateurs de flicker sur Asselum Black Friday"},"content":{"rendered":"<p>[et_pb_section bb_built=\u00a0\u00bb1&Prime;][et_pb_row][et_pb_column type=\u00a0\u00bb4_4&Prime;][et_pb_text _builder_version=\u00a0\u00bb3.0.75&Prime; background_layout=\u00a0\u00bblight\u00a0\u00bb border_style=\u00a0\u00bbsolid\u00a0\u00bb]<\/p>\n<p>En novembre,<strong> ASSELUM BLACK FRIDAY<\/strong> arrive. Nous sommes en avance sur le Black Friday et souhaitons vous offrir une r\u00e9duction int\u00e9ressante sur les <a href=\"https:\/\/asselum.com\/fr\/espectroradiometros-uprtek\/\">spectrom\u00e8tres et les mesureurs de scintillement de la soci\u00e9t\u00e9 UPRtek.<\/a><\/p>\n<p>Mais restez vigilant! Cette promotion est pour un temps limit\u00e9, alors ne la manquez pas.<\/p>\n<p>Nous savons que le Black Friday est c\u00e9l\u00e9br\u00e9 le dernier vendredi de novembre. Cependant, nous l\u2019avons pr\u00e9vu pour que vous puissiez profiter davantage de jours de cette promotion sp\u00e9ciale.<\/p>\n<h3 style=\"text-align: center;\"><strong><span style=\"color: #1e57a8;\"><a style=\"color: #1e57a8;\" href=\"https:\/\/asselum.com\/en\/contact\/\"><u>PASSER VOTRE COMMANDE AVANT LE 30 NOVEMBRE ET OBTENIR UN 10% DE RABAIS SUR LES SPECTROM\u00c8TRES ET LES COMPTEURS DE D\u00c9MARREUR DE LA MARQUE UPRTEK.<\/u><\/a><\/span><\/strong><\/h3>\n<p>Dans le<strong> secteur de l&rsquo;\u00e9clairage actuel,<\/strong> il est imp\u00e9ratif que tous les instruments r\u00e9pondent aux exigences de qualit\u00e9 et d&rsquo;efficacit\u00e9 \u00e9tablies.<\/p>\n<p>Les spectrom\u00e8tres et scintom\u00e8tres UPRtek peuvent \u00eatre tr\u00e8s utiles pour votre entreprise. Ou m\u00eame pour vous <strong>si vous travaillez en tant que designer ou concepteur lumi\u00e8re.<\/strong><\/p>\n<p>Ils sont portables, fabriqu\u00e9s \u00e0 la main et sont \u00e9galement <strong>conformes \u00e0 toutes les normes et r\u00e9glementations internationales.<\/strong><\/p>\n<h4><span style=\"color: #1e57a8;\"><b>Obtenez d&rsquo;innombrables graphiques tels que: Couleur TM30, Risque de Flicker selon IEEE 17, Appareil photo Luminance &#8230; et bien plus encore!<\/b><\/span><\/h4>\n<p><center><iframe src=\"https:\/\/www.youtube.com\/embed\/RcF8jzT93b0?rel=0\" width=\"560\" height=\"315\" frameborder=\"0\" allowfullscreen=\"allowfullscreen\" data-mce-fragment=\"1\"><\/iframe><\/center> <\/p>\n<p>[\/et_pb_text][et_pb_text _builder_version=\u00a0\u00bb3.0.75&Prime; background_layout=\u00a0\u00bblight\u00a0\u00bb border_style=\u00a0\u00bbsolid\u00a0\u00bb]<\/p>\n<p>Avec ces instruments \u00e0 la pointe de la technologie, vous pouvez <strong>effectuer l\u2019analyse et la mesure les plus compl\u00e8tes des param\u00e8tres de lumi\u00e8re et de couleur du march\u00e9.<\/strong> Pour tous types de luminaires et sources de lumi\u00e8re.<\/p>\n<p>En plus de cela, bien que vous puissiez travailler de mani\u00e8re autonome et ind\u00e9pendante avec eux, vous avez \u00e9galement la<strong> possibilit\u00e9 de rendre vos analyses encore plus avanc\u00e9es.<\/strong><\/p>\n<p>Comment? Tr\u00e8s facile. Reliez les spectrom\u00e8tres et les indicateurs de scintillement au logiciel PC <a href=\"https:\/\/asselum.com\/fr\/espectroradiometros-uprtek\/software-para-pc-uspectrum\/\">uSpectrum<\/a> et <a href=\"https:\/\/asselum.com\/fr\/espectroradiometros-uprtek\/software-para-pc-uflicker\/\">uFlicker<\/a>. Vous pouvez \u00e9galement le synchroniser avec l&rsquo;<a href=\"https:\/\/asselum.com\/fr\/espectroradiometros-uprtek\/app-espectro-smartphones\/\">application pour smartphones.<\/a> Ils sont con\u00e7us exclusivement pour eux, avec t\u00e9l\u00e9chargement gratuit et mises \u00e0 jour.<\/p>\n<p>[\/et_pb_text][\/et_pb_column][\/et_pb_row][et_pb_row][et_pb_column type=\u00a0\u00bb1_2&Prime;][et_pb_image _builder_version=\u00a0\u00bb3.0.75&Prime; src=\u00a0\u00bbhttps:\/\/asselum.com\/wp-content\/uploads\/Asselum-Uprtek-42.png\u00a0\u00bb show_in_lightbox=\u00a0\u00bboff\u00a0\u00bb url_new_window=\u00a0\u00bboff\u00a0\u00bb use_overlay=\u00a0\u00bboff\u00a0\u00bb always_center_on_mobile=\u00a0\u00bbon\u00a0\u00bb border_style=\u00a0\u00bbsolid\u00a0\u00bb force_fullwidth=\u00a0\u00bboff\u00a0\u00bb show_bottom_space=\u00a0\u00bbon\u00a0\u00bb \/][\/et_pb_column][et_pb_column type=\u00a0\u00bb1_2&Prime;][et_pb_image _builder_version=\u00a0\u00bb3.0.75&Prime; src=\u00a0\u00bbhttps:\/\/asselum.com\/wp-content\/uploads\/uFlicker-PC-Software-2.jpg\u00a0\u00bb show_in_lightbox=\u00a0\u00bboff\u00a0\u00bb url_new_window=\u00a0\u00bboff\u00a0\u00bb use_overlay=\u00a0\u00bboff\u00a0\u00bb always_center_on_mobile=\u00a0\u00bbon\u00a0\u00bb border_style=\u00a0\u00bbsolid\u00a0\u00bb force_fullwidth=\u00a0\u00bboff\u00a0\u00bb show_bottom_space=\u00a0\u00bbon\u00a0\u00bb \/][\/et_pb_column][\/et_pb_row][et_pb_row][et_pb_column type=\u00a0\u00bb4_4&Prime;][et_pb_text _builder_version=\u00a0\u00bb3.0.75&Prime; background_layout=\u00a0\u00bblight\u00a0\u00bb border_style=\u00a0\u00bbsolid\u00a0\u00bb]<\/p>\n<h3 style=\"text-align: center;\"><b>\u00cates-vous int\u00e9ress\u00e9 \u00e0 acqu\u00e9rir l&rsquo;un de ces produits? <\/b><span style=\"color: #1e57a8;\"><a style=\"color: #1e57a8;\" href=\"https:\/\/asselum.com\/fr\/contact\/\"><b>Contactez-nous et obtenez 10% de rabais sur les spectrom\u00e8tres.<\/b><\/a><\/span><\/h3>\n<p>[\/et_pb_text][\/et_pb_column][\/et_pb_row][\/et_pb_section]<\/p>\n","protected":false},"excerpt":{"rendered":"<p>[et_pb_section bb_built=\u00a0\u00bb1&Prime;][et_pb_row][et_pb_column type=\u00a0\u00bb4_4&Prime;][et_pb_text _builder_version=\u00a0\u00bb3.0.75&Prime; background_layout=\u00a0\u00bblight\u00a0\u00bb border_style=\u00a0\u00bbsolid\u00a0\u00bb] En novembre, ASSELUM BLACK  [&#8230;]<\/p>\n","protected":false},"author":1,"featured_media":0,"comment_status":"open","ping_status":"closed","sticky":false,"template":"","format":"standard","meta":{"footnotes":""},"categories":[68],"tags":[],"class_list":["post-6007","post","type-post","status-publish","format-standard","hentry","category-actualidad"],"yoast_head":"<!-- This site is optimized with the Yoast SEO plugin v27.4 - https:\/\/yoast.com\/product\/yoast-seo-wordpress\/ -->\n<title>Rabais sur les spectrom\u00e8tres et les indicateurs de flicker sur Asselum Black Friday<\/title>\n<meta name=\"robots\" content=\"index, follow, max-snippet:-1, max-image-preview:large, max-video-preview:-1\" \/>\n<link rel=\"canonical\" href=\"https:\/\/asselum.com\/fr\/rabais-sur-les-spectrometres-et-les-indicateurs-de-flicker-sur-asselum-black-friday\/\" \/>\n<meta property=\"og:locale\" content=\"fr_FR\" \/>\n<meta property=\"og:type\" content=\"article\" \/>\n<meta property=\"og:title\" content=\"Rabais sur les spectrom\u00e8tres et les indicateurs de flicker sur Asselum Black Friday\" \/>\n<meta property=\"og:description\" content=\"[et_pb_section bb_built=\u00a0\u00bb1&Prime;][et_pb_row][et_pb_column type=\u00a0\u00bb4_4&Prime;][et_pb_text _builder_version=\u00a0\u00bb3.0.75&Prime; background_layout=\u00a0\u00bblight\u00a0\u00bb border_style=\u00a0\u00bbsolid\u00a0\u00bb] En novembre, ASSELUM BLACK [...]\" \/>\n<meta property=\"og:url\" content=\"https:\/\/asselum.com\/fr\/rabais-sur-les-spectrometres-et-les-indicateurs-de-flicker-sur-asselum-black-friday\/\" \/>\n<meta property=\"og:site_name\" content=\"asselum\" \/>\n<meta property=\"article:publisher\" content=\"https:\/\/www.facebook.com\/Asselum-luminotecnics-999846826722657\/\" \/>\n<meta property=\"article:published_time\" content=\"2019-11-11T11:55:12+00:00\" \/>\n<meta property=\"og:image\" content=\"https:\/\/asselum.com\/wp-content\/uploads\/2025\/12\/vs3_Blackdays_asselum_02.png\" \/>\n\t<meta property=\"og:image:width\" content=\"1\" \/>\n\t<meta property=\"og:image:height\" content=\"1\" \/>\n\t<meta property=\"og:image:type\" content=\"image\/jpeg\" \/>\n<meta name=\"author\" content=\"admin\" \/>\n<meta name=\"twitter:card\" content=\"summary_large_image\" \/>\n<meta name=\"twitter:label1\" content=\"\u00c9crit par\" \/>\n\t<meta name=\"twitter:data1\" content=\"admin\" \/>\n\t<meta name=\"twitter:label2\" content=\"Dur\u00e9e de lecture estim\u00e9e\" \/>\n\t<meta name=\"twitter:data2\" content=\"3 minutes\" \/>\n<script type=\"application\/ld+json\" class=\"yoast-schema-graph\">{\"@context\":\"https:\\\/\\\/schema.org\",\"@graph\":[{\"@type\":\"Article\",\"@id\":\"https:\\\/\\\/asselum.com\\\/fr\\\/rabais-sur-les-spectrometres-et-les-indicateurs-de-flicker-sur-asselum-black-friday\\\/#article\",\"isPartOf\":{\"@id\":\"https:\\\/\\\/asselum.com\\\/fr\\\/rabais-sur-les-spectrometres-et-les-indicateurs-de-flicker-sur-asselum-black-friday\\\/\"},\"author\":{\"name\":\"admin\",\"@id\":\"https:\\\/\\\/asselum.com\\\/fr\\\/#\\\/schema\\\/person\\\/9cdf64e83cf996ba0f2ec2b398a02091\"},\"headline\":\"Rabais sur les spectrom\u00e8tres et les indicateurs de flicker sur Asselum Black Friday\",\"datePublished\":\"2019-11-11T11:55:12+00:00\",\"mainEntityOfPage\":{\"@id\":\"https:\\\/\\\/asselum.com\\\/fr\\\/rabais-sur-les-spectrometres-et-les-indicateurs-de-flicker-sur-asselum-black-friday\\\/\"},\"wordCount\":528,\"commentCount\":0,\"articleSection\":[\"Actualidad\"],\"inLanguage\":\"fr-FR\",\"potentialAction\":[{\"@type\":\"CommentAction\",\"name\":\"Comment\",\"target\":[\"https:\\\/\\\/asselum.com\\\/fr\\\/rabais-sur-les-spectrometres-et-les-indicateurs-de-flicker-sur-asselum-black-friday\\\/#respond\"]}]},{\"@type\":\"WebPage\",\"@id\":\"https:\\\/\\\/asselum.com\\\/fr\\\/rabais-sur-les-spectrometres-et-les-indicateurs-de-flicker-sur-asselum-black-friday\\\/\",\"url\":\"https:\\\/\\\/asselum.com\\\/fr\\\/rabais-sur-les-spectrometres-et-les-indicateurs-de-flicker-sur-asselum-black-friday\\\/\",\"name\":\"Rabais sur les spectrom\u00e8tres et les indicateurs de flicker sur Asselum Black Friday\",\"isPartOf\":{\"@id\":\"https:\\\/\\\/asselum.com\\\/fr\\\/#website\"},\"datePublished\":\"2019-11-11T11:55:12+00:00\",\"author\":{\"@id\":\"https:\\\/\\\/asselum.com\\\/fr\\\/#\\\/schema\\\/person\\\/9cdf64e83cf996ba0f2ec2b398a02091\"},\"breadcrumb\":{\"@id\":\"https:\\\/\\\/asselum.com\\\/fr\\\/rabais-sur-les-spectrometres-et-les-indicateurs-de-flicker-sur-asselum-black-friday\\\/#breadcrumb\"},\"inLanguage\":\"fr-FR\",\"potentialAction\":[{\"@type\":\"ReadAction\",\"target\":[\"https:\\\/\\\/asselum.com\\\/fr\\\/rabais-sur-les-spectrometres-et-les-indicateurs-de-flicker-sur-asselum-black-friday\\\/\"]}]},{\"@type\":\"BreadcrumbList\",\"@id\":\"https:\\\/\\\/asselum.com\\\/fr\\\/rabais-sur-les-spectrometres-et-les-indicateurs-de-flicker-sur-asselum-black-friday\\\/#breadcrumb\",\"itemListElement\":[{\"@type\":\"ListItem\",\"position\":1,\"name\":\"Home\",\"item\":\"https:\\\/\\\/asselum.com\\\/fr\\\/\"},{\"@type\":\"ListItem\",\"position\":2,\"name\":\"Rabais sur les spectrom\u00e8tres et les indicateurs de flicker sur Asselum Black Friday\"}]},{\"@type\":\"WebSite\",\"@id\":\"https:\\\/\\\/asselum.com\\\/fr\\\/#website\",\"url\":\"https:\\\/\\\/asselum.com\\\/fr\\\/\",\"name\":\"asselum\",\"description\":\"\",\"potentialAction\":[{\"@type\":\"SearchAction\",\"target\":{\"@type\":\"EntryPoint\",\"urlTemplate\":\"https:\\\/\\\/asselum.com\\\/fr\\\/?s={search_term_string}\"},\"query-input\":{\"@type\":\"PropertyValueSpecification\",\"valueRequired\":true,\"valueName\":\"search_term_string\"}}],\"inLanguage\":\"fr-FR\"},{\"@type\":\"Person\",\"@id\":\"https:\\\/\\\/asselum.com\\\/fr\\\/#\\\/schema\\\/person\\\/9cdf64e83cf996ba0f2ec2b398a02091\",\"name\":\"admin\",\"image\":{\"@type\":\"ImageObject\",\"inLanguage\":\"fr-FR\",\"@id\":\"https:\\\/\\\/secure.gravatar.com\\\/avatar\\\/128ddaa8fd25bf4339cb192ade2a01e84e20a555b66442ee33957ea7b9aaca15?s=96&d=mm&r=g\",\"url\":\"https:\\\/\\\/secure.gravatar.com\\\/avatar\\\/128ddaa8fd25bf4339cb192ade2a01e84e20a555b66442ee33957ea7b9aaca15?s=96&d=mm&r=g\",\"contentUrl\":\"https:\\\/\\\/secure.gravatar.com\\\/avatar\\\/128ddaa8fd25bf4339cb192ade2a01e84e20a555b66442ee33957ea7b9aaca15?s=96&d=mm&r=g\",\"caption\":\"admin\"},\"sameAs\":[\"https:\\\/\\\/asselum.com\"]}]}<\/script>\n<!-- \/ Yoast SEO plugin. -->","yoast_head_json":{"title":"Rabais sur les spectrom\u00e8tres et les indicateurs de flicker sur Asselum Black Friday","robots":{"index":"index","follow":"follow","max-snippet":"max-snippet:-1","max-image-preview":"max-image-preview:large","max-video-preview":"max-video-preview:-1"},"canonical":"https:\/\/asselum.com\/fr\/rabais-sur-les-spectrometres-et-les-indicateurs-de-flicker-sur-asselum-black-friday\/","og_locale":"fr_FR","og_type":"article","og_title":"Rabais sur les spectrom\u00e8tres et les indicateurs de flicker sur Asselum Black Friday","og_description":"[et_pb_section bb_built=\u00a0\u00bb1&Prime;][et_pb_row][et_pb_column type=\u00a0\u00bb4_4&Prime;][et_pb_text _builder_version=\u00a0\u00bb3.0.75&Prime; background_layout=\u00a0\u00bblight\u00a0\u00bb border_style=\u00a0\u00bbsolid\u00a0\u00bb] En novembre, ASSELUM BLACK [...]","og_url":"https:\/\/asselum.com\/fr\/rabais-sur-les-spectrometres-et-les-indicateurs-de-flicker-sur-asselum-black-friday\/","og_site_name":"asselum","article_publisher":"https:\/\/www.facebook.com\/Asselum-luminotecnics-999846826722657\/","article_published_time":"2019-11-11T11:55:12+00:00","og_image":[{"url":"https:\/\/asselum.com\/wp-content\/uploads\/2025\/12\/vs3_Blackdays_asselum_02.png","width":1,"height":1,"type":"image\/jpeg"}],"author":"admin","twitter_card":"summary_large_image","twitter_misc":{"\u00c9crit par":"admin","Dur\u00e9e de lecture estim\u00e9e":"3 minutes"},"schema":{"@context":"https:\/\/schema.org","@graph":[{"@type":"Article","@id":"https:\/\/asselum.com\/fr\/rabais-sur-les-spectrometres-et-les-indicateurs-de-flicker-sur-asselum-black-friday\/#article","isPartOf":{"@id":"https:\/\/asselum.com\/fr\/rabais-sur-les-spectrometres-et-les-indicateurs-de-flicker-sur-asselum-black-friday\/"},"author":{"name":"admin","@id":"https:\/\/asselum.com\/fr\/#\/schema\/person\/9cdf64e83cf996ba0f2ec2b398a02091"},"headline":"Rabais sur les spectrom\u00e8tres et les indicateurs de flicker sur Asselum Black Friday","datePublished":"2019-11-11T11:55:12+00:00","mainEntityOfPage":{"@id":"https:\/\/asselum.com\/fr\/rabais-sur-les-spectrometres-et-les-indicateurs-de-flicker-sur-asselum-black-friday\/"},"wordCount":528,"commentCount":0,"articleSection":["Actualidad"],"inLanguage":"fr-FR","potentialAction":[{"@type":"CommentAction","name":"Comment","target":["https:\/\/asselum.com\/fr\/rabais-sur-les-spectrometres-et-les-indicateurs-de-flicker-sur-asselum-black-friday\/#respond"]}]},{"@type":"WebPage","@id":"https:\/\/asselum.com\/fr\/rabais-sur-les-spectrometres-et-les-indicateurs-de-flicker-sur-asselum-black-friday\/","url":"https:\/\/asselum.com\/fr\/rabais-sur-les-spectrometres-et-les-indicateurs-de-flicker-sur-asselum-black-friday\/","name":"Rabais sur les spectrom\u00e8tres et les indicateurs de flicker sur Asselum Black Friday","isPartOf":{"@id":"https:\/\/asselum.com\/fr\/#website"},"datePublished":"2019-11-11T11:55:12+00:00","author":{"@id":"https:\/\/asselum.com\/fr\/#\/schema\/person\/9cdf64e83cf996ba0f2ec2b398a02091"},"breadcrumb":{"@id":"https:\/\/asselum.com\/fr\/rabais-sur-les-spectrometres-et-les-indicateurs-de-flicker-sur-asselum-black-friday\/#breadcrumb"},"inLanguage":"fr-FR","potentialAction":[{"@type":"ReadAction","target":["https:\/\/asselum.com\/fr\/rabais-sur-les-spectrometres-et-les-indicateurs-de-flicker-sur-asselum-black-friday\/"]}]},{"@type":"BreadcrumbList","@id":"https:\/\/asselum.com\/fr\/rabais-sur-les-spectrometres-et-les-indicateurs-de-flicker-sur-asselum-black-friday\/#breadcrumb","itemListElement":[{"@type":"ListItem","position":1,"name":"Home","item":"https:\/\/asselum.com\/fr\/"},{"@type":"ListItem","position":2,"name":"Rabais sur les spectrom\u00e8tres et les indicateurs de flicker sur Asselum Black Friday"}]},{"@type":"WebSite","@id":"https:\/\/asselum.com\/fr\/#website","url":"https:\/\/asselum.com\/fr\/","name":"asselum","description":"","potentialAction":[{"@type":"SearchAction","target":{"@type":"EntryPoint","urlTemplate":"https:\/\/asselum.com\/fr\/?s={search_term_string}"},"query-input":{"@type":"PropertyValueSpecification","valueRequired":true,"valueName":"search_term_string"}}],"inLanguage":"fr-FR"},{"@type":"Person","@id":"https:\/\/asselum.com\/fr\/#\/schema\/person\/9cdf64e83cf996ba0f2ec2b398a02091","name":"admin","image":{"@type":"ImageObject","inLanguage":"fr-FR","@id":"https:\/\/secure.gravatar.com\/avatar\/128ddaa8fd25bf4339cb192ade2a01e84e20a555b66442ee33957ea7b9aaca15?s=96&d=mm&r=g","url":"https:\/\/secure.gravatar.com\/avatar\/128ddaa8fd25bf4339cb192ade2a01e84e20a555b66442ee33957ea7b9aaca15?s=96&d=mm&r=g","contentUrl":"https:\/\/secure.gravatar.com\/avatar\/128ddaa8fd25bf4339cb192ade2a01e84e20a555b66442ee33957ea7b9aaca15?s=96&d=mm&r=g","caption":"admin"},"sameAs":["https:\/\/asselum.com"]}]}},"_links":{"self":[{"href":"https:\/\/asselum.com\/fr\/wp-json\/wp\/v2\/posts\/6007","targetHints":{"allow":["GET"]}}],"collection":[{"href":"https:\/\/asselum.com\/fr\/wp-json\/wp\/v2\/posts"}],"about":[{"href":"https:\/\/asselum.com\/fr\/wp-json\/wp\/v2\/types\/post"}],"author":[{"embeddable":true,"href":"https:\/\/asselum.com\/fr\/wp-json\/wp\/v2\/users\/1"}],"replies":[{"embeddable":true,"href":"https:\/\/asselum.com\/fr\/wp-json\/wp\/v2\/comments?post=6007"}],"version-history":[{"count":0,"href":"https:\/\/asselum.com\/fr\/wp-json\/wp\/v2\/posts\/6007\/revisions"}],"wp:attachment":[{"href":"https:\/\/asselum.com\/fr\/wp-json\/wp\/v2\/media?parent=6007"}],"wp:term":[{"taxonomy":"category","embeddable":true,"href":"https:\/\/asselum.com\/fr\/wp-json\/wp\/v2\/categories?post=6007"},{"taxonomy":"post_tag","embeddable":true,"href":"https:\/\/asselum.com\/fr\/wp-json\/wp\/v2\/tags?post=6007"}],"curies":[{"name":"wp","href":"https:\/\/api.w.org\/{rel}","templated":true}]}}